{"id":17383,"date":"2024-01-19T17:19:42","date_gmt":"2024-01-19T23:19:42","guid":{"rendered":"http:\/\/web-zac.com\/?p=17383"},"modified":"2024-01-19T17:19:54","modified_gmt":"2024-01-19T23:19:54","slug":"se-reune-gobernador-david-monreal-con-titular-de-la-sict-impulsa-proyectos-de-infraestructura-junto-al-gobierno-de-mexico","status":"publish","type":"post","link":"http:\/\/web-zac.com\/?p=17383","title":{"rendered":"Se re\u00fane Gobernador David Monreal con titular de la SICT; impulsa proyectos de infraestructura junto al Gobierno de M\u00e9xico"},"content":{"rendered":"\n<figure class=\"wp-block-image\"><img loading=\"lazy\" decoding=\"async\" width=\"768\" height=\"1024\" src=\"http:\/\/web-zac.com\/wp-content\/uploads\/2024\/01\/img-20240119-wa00788470158988798011139-768x1024.jpg\" alt=\"\" class=\"wp-image-17382\" srcset=\"http:\/\/web-zac.com\/wp-content\/uploads\/2024\/01\/img-20240119-wa00788470158988798011139-768x1024.jpg 768w, http:\/\/web-zac.com\/wp-content\/uploads\/2024\/01\/img-20240119-wa00788470158988798011139-225x300.jpg 225w, http:\/\/web-zac.com\/wp-content\/uploads\/2024\/01\/img-20240119-wa00788470158988798011139-900x1200.jpg 900w, http:\/\/web-zac.com\/wp-content\/uploads\/2024\/01\/img-20240119-wa00788470158988798011139.jpg 1080w\" sizes=\"auto, (max-width: 768px) 100vw, 768px\" \/><\/figure>\n\n\n\n<p><\/p>\n\n\n\n<p>\uf0a7 En su encuentro con el Secretario Jorge Nu\u00f1o Lara, el mandatario destac\u00f3 que la obra p\u00fablica es fundamental para lograr la paz, el progreso y el desarrollo de Zacatecas<br \/>\uf0a7 Apuesta el Gobernador por la movilidad y la distribuci\u00f3n vial para que el estado avance a la modernizaci\u00f3n de sus carreteras<\/p>\n\n\n\n<p>Ciudad de M\u00e9xico, Zac., 19 de enero de 2024.- Como parte de sus gestiones con el Gobierno de M\u00e9xico, el Gobernador David Monreal \u00c1vila se reuni\u00f3 este viernes con el titular de la Secretar\u00eda de Infraestructura, Comunicaciones y Transportes (SICT), Jorge Nu\u00f1o Lara, con quien dialog\u00f3 sobre importantes proyectos de infraestructura para Zacatecas.<\/p>\n\n\n\n<p>En su encuentro con el Secretario, el mandatario estatal reconoci\u00f3 el respaldo del Gobierno del Presidente Andr\u00e9s Manuel L\u00f3pez Obrador al pueblo zacatecano y destac\u00f3 la coordinaci\u00f3n entre ambos niveles de gobierno para avanzar hacia la modernizaci\u00f3n de infraestructura carretera y, por ello, hacia el desarrollo econ\u00f3mico y la pacificaci\u00f3n del estado.<\/p>\n\n\n\n<p>En ese sentido, resalt\u00f3 que la obra p\u00fablica, entre la que sobresale la construcci\u00f3n, reconstrucci\u00f3n y rehabilitaci\u00f3n de m\u00e1s de mil kil\u00f3metros de carreteras en el territorio estatal en lo que va de su administraci\u00f3n, es fundamental para situar a Zacatecas en el concierto de desarrollo nacional, pero es tambi\u00e9n una de las demandas m\u00e1s sentidas de los habitantes de comunidades y municipios.<\/p>\n\n\n\n<p>Es por ello que, acompa\u00f1ado por los secretarios de Finanzas y Obras P\u00fablicas, Ricardo Olivares S\u00e1nchez y Jos\u00e9 Luis de la Pe\u00f1a, enfatiz\u00f3 la importancia de seguir impulsando proyectos conjuntos con el Gobierno de M\u00e9xico para multiplicar los resultados y que la obra p\u00fablica genere beneficios para la poblaci\u00f3n.<\/p>\n\n\n\n<p>El Gobernador David Monreal dijo que continuar\u00e1 impulsando acciones para mejorar la movilidad y la distribuci\u00f3n vial a fin de avanzar hacia la modernizaci\u00f3n de la infraestructura carretera. Asimismo, inform\u00f3 que durante la reuni\u00f3n abord\u00f3 diversos proyectos, algunos en puerta, otros en licitaci\u00f3n o ejecuci\u00f3n, como son la reconstrucci\u00f3n del puente de R\u00edo Grande, la rehabilitaci\u00f3n de la avenida Nezahualc\u00f3yotl y la segunda etapa del circuito perif\u00e9rico, ambas en la capital, entre otros.<\/p>\n\n\n\n<p>Manifest\u00f3 adem\u00e1s su confianza en que podr\u00e1 cumplirle al pueblo de Zacatecas, con la construcci\u00f3n, reencarpetamiento y reconstrucci\u00f3n de la infraestructura carretera, misma que ofreci\u00f3 desde el inicio de su gobierno para el bienestar y desarrollo del estado.<\/p>\n\n\n\n<p>\u2014ooOoo\u2014<\/p>\n","protected":false},"excerpt":{"rendered":"<p>\uf0a7 En su encuentro con el Secretario Jorge Nu\u00f1o Lara, el mandatario destac\u00f3 que la obra p\u00fablica es fundamental para lograr la paz, el progreso y el desarrollo de Zacatecas\uf0a7 Apuesta el Gobernador por la movilidad y la distribuci\u00f3n vial para que el estado avance a la modernizaci\u00f3n de sus carreteras Ciudad de M\u00e9xico, Zac., [&hellip;]<\/p>\n","protected":false},"author":3,"featured_media":17382,"comment_status":"open","ping_status":"open","sticky":false,"template":"","format":"standard","meta":{"footnotes":""},"categories":[4,22],"tags":[],"class_list":["post-17383","post","type-post","status-publish","format-standard","has-post-thumbnail","hentry","category-webgobierno","category-gobierno"],"jetpack_featured_media_url":"http:\/\/web-zac.com\/wp-content\/uploads\/2024\/01\/img-20240119-wa00788470158988798011139.jpg","_links":{"self":[{"href":"http:\/\/web-zac.com\/index.php?rest_route=\/wp\/v2\/posts\/17383","targetHints":{"allow":["GET"]}}],"collection":[{"href":"http:\/\/web-zac.com\/index.php?rest_route=\/wp\/v2\/posts"}],"about":[{"href":"http:\/\/web-zac.com\/index.php?rest_route=\/wp\/v2\/types\/post"}],"author":[{"embeddable":true,"href":"http:\/\/web-zac.com\/index.php?rest_route=\/wp\/v2\/users\/3"}],"replies":[{"embeddable":true,"href":"http:\/\/web-zac.com\/index.php?rest_route=%2Fwp%2Fv2%2Fcomments&post=17383"}],"version-history":[{"count":1,"href":"http:\/\/web-zac.com\/index.php?rest_route=\/wp\/v2\/posts\/17383\/revisions"}],"predecessor-version":[{"id":17384,"href":"http:\/\/web-zac.com\/index.php?rest_route=\/wp\/v2\/posts\/17383\/revisions\/17384"}],"wp:featuredmedia":[{"embeddable":true,"href":"http:\/\/web-zac.com\/index.php?rest_route=\/wp\/v2\/media\/17382"}],"wp:attachment":[{"href":"http:\/\/web-zac.com\/index.php?rest_route=%2Fwp%2Fv2%2Fmedia&parent=17383"}],"wp:term":[{"taxonomy":"category","embeddable":true,"href":"http:\/\/web-zac.com\/index.php?rest_route=%2Fwp%2Fv2%2Fcategories&post=17383"},{"taxonomy":"post_tag","embeddable":true,"href":"http:\/\/web-zac.com\/index.php?rest_route=%2Fwp%2Fv2%2Ftags&post=17383"}],"curies":[{"name":"wp","href":"https:\/\/api.w.org\/{rel}","templated":true}]}}