{"id":16791,"date":"2023-11-24T17:21:39","date_gmt":"2023-11-24T23:21:39","guid":{"rendered":"http:\/\/web-zac.com\/?p=16791"},"modified":"2023-11-24T17:21:54","modified_gmt":"2023-11-24T23:21:54","slug":"fortalecen-recoleccion-de-basuracon-donacion-de-camiones","status":"publish","type":"post","link":"http:\/\/web-zac.com\/?p=16791","title":{"rendered":"FORTALECEN RECOLECCI\u00d3N DE BASURA\n<br>CON DONACI\u00d3N DE CAMIONES\n<br>"},"content":{"rendered":"\n<figure class=\"wp-block-image\"><img loading=\"lazy\" decoding=\"async\" width=\"1024\" height=\"682\" src=\"http:\/\/web-zac.com\/wp-content\/uploads\/2023\/11\/IMG-20231124-WA0120-1024x682.jpg\" alt=\"\" class=\"wp-image-16790\" srcset=\"http:\/\/web-zac.com\/wp-content\/uploads\/2023\/11\/IMG-20231124-WA0120-1024x682.jpg 1024w, http:\/\/web-zac.com\/wp-content\/uploads\/2023\/11\/IMG-20231124-WA0120-300x200.jpg 300w, http:\/\/web-zac.com\/wp-content\/uploads\/2023\/11\/IMG-20231124-WA0120-768x512.jpg 768w, http:\/\/web-zac.com\/wp-content\/uploads\/2023\/11\/IMG-20231124-WA0120-1536x1023.jpg 1536w, http:\/\/web-zac.com\/wp-content\/uploads\/2023\/11\/IMG-20231124-WA0120-1200x800.jpg 1200w, http:\/\/web-zac.com\/wp-content\/uploads\/2023\/11\/IMG-20231124-WA0120.jpg 1600w\" sizes=\"auto, (max-width: 1024px) 100vw, 1024px\" \/><\/figure>\n\n\n\n<p>\n<br>\u2022\tEl Ayuntamiento trabaja con la empresa Fresnillo PLC para beneficiar m\u00e1s a la poblaci\u00f3n.\n<br>\n<br>\n<br>Fresnillo, Zac.- El Departamento de Limpia de este gobierno municipal se fortalece con dos nuevos camiones recolectores que don\u00f3 la empresa Fresnillo PLC para contribuir a la recolecci\u00f3n de basura en la cabecera municipal. \n<br>Mart\u00edn \u00c1lvarez Casio, secretario del Ayuntamiento y encargado del despacho del Presidente, agradeci\u00f3 a Jer\u00f3nimo Medina Triana, superintendente de Relaciones con la Comunidad de Fresnillo PLC, y celebr\u00f3 la voluntad de la empresa minera para mejorar la recolecci\u00f3n de desechos con el fortalecimiento al parque vehicular; esto mediante dos nuevas unidades. \n<br>El responsable del gobierno local reconoci\u00f3 que hace unas semanas hubo rezago en las acciones de recolecci\u00f3n. Con todo, en adelante se ha atendido de manera oportuna para evitar focos de infecci\u00f3n en las colonias del municipio. Ahora, con la adquisici\u00f3n de estas unidades se ofrecer\u00e1 de mejor manera este servicio con m\u00e1s capacidad operativa.\n<br>Medina Triana declar\u00f3 que esta entrega se suma a la donaci\u00f3n del a\u00f1o pasado, con el objetivo de fortalecer al Departamento de Limpia, el cual mereci\u00f3 su reconocimiento por la loable labor que realizan para mantener al municipio limpio. A\u00f1adi\u00f3 que, para que Fresnillo est\u00e9 \u00f3ptimo, los ciudadanos deben sumarse a esta tarea. \n<br>La donaci\u00f3n comprende dos camiones recolectores con capacidad de hasta 8 mil kilos de residuos, que equivalen a los desechos diarios de m\u00e1s de 8 mil familias fresnillenses. \n<br><\/p>\n","protected":false},"excerpt":{"rendered":"<p>\u2022 El Ayuntamiento trabaja con la empresa Fresnillo PLC para beneficiar m\u00e1s a la poblaci\u00f3n. Fresnillo, Zac.- El Departamento de Limpia de este gobierno municipal se fortalece con dos nuevos camiones recolectores que don\u00f3 la empresa Fresnillo PLC para contribuir a la recolecci\u00f3n de basura en la cabecera municipal. Mart\u00edn \u00c1lvarez Casio, secretario del Ayuntamiento [&hellip;]<\/p>\n","protected":false},"author":3,"featured_media":16790,"comment_status":"open","ping_status":"open","sticky":false,"template":"","format":"standard","meta":{"footnotes":""},"categories":[19,6],"tags":[],"class_list":["post-16791","post","type-post","status-publish","format-standard","has-post-thumbnail","hentry","category-fresnillo","category-webmunicipios"],"jetpack_featured_media_url":"http:\/\/web-zac.com\/wp-content\/uploads\/2023\/11\/IMG-20231124-WA0120.jpg","_links":{"self":[{"href":"http:\/\/web-zac.com\/index.php?rest_route=\/wp\/v2\/posts\/16791","targetHints":{"allow":["GET"]}}],"collection":[{"href":"http:\/\/web-zac.com\/index.php?rest_route=\/wp\/v2\/posts"}],"about":[{"href":"http:\/\/web-zac.com\/index.php?rest_route=\/wp\/v2\/types\/post"}],"author":[{"embeddable":true,"href":"http:\/\/web-zac.com\/index.php?rest_route=\/wp\/v2\/users\/3"}],"replies":[{"embeddable":true,"href":"http:\/\/web-zac.com\/index.php?rest_route=%2Fwp%2Fv2%2Fcomments&post=16791"}],"version-history":[{"count":1,"href":"http:\/\/web-zac.com\/index.php?rest_route=\/wp\/v2\/posts\/16791\/revisions"}],"predecessor-version":[{"id":16792,"href":"http:\/\/web-zac.com\/index.php?rest_route=\/wp\/v2\/posts\/16791\/revisions\/16792"}],"wp:featuredmedia":[{"embeddable":true,"href":"http:\/\/web-zac.com\/index.php?rest_route=\/wp\/v2\/media\/16790"}],"wp:attachment":[{"href":"http:\/\/web-zac.com\/index.php?rest_route=%2Fwp%2Fv2%2Fmedia&parent=16791"}],"wp:term":[{"taxonomy":"category","embeddable":true,"href":"http:\/\/web-zac.com\/index.php?rest_route=%2Fwp%2Fv2%2Fcategories&post=16791"},{"taxonomy":"post_tag","embeddable":true,"href":"http:\/\/web-zac.com\/index.php?rest_route=%2Fwp%2Fv2%2Ftags&post=16791"}],"curies":[{"name":"wp","href":"https:\/\/api.w.org\/{rel}","templated":true}]}}