{"id":16782,"date":"2023-11-23T07:37:15","date_gmt":"2023-11-23T13:37:15","guid":{"rendered":"http:\/\/web-zac.com\/?p=16782"},"modified":"2023-11-23T07:37:26","modified_gmt":"2023-11-23T13:37:26","slug":"presentan-el-programa-para-conmemorar-el-25n-capital-unida-mujeres-libres-de-violencia","status":"publish","type":"post","link":"http:\/\/web-zac.com\/?p=16782","title":{"rendered":"PRESENTAN EL PROGRAMA PARA CONMEMORAR EL \n<br>25N \u201cCAPITAL UNIDA, MUJERES LIBRES DE VIOLENCIA\u201d\n<br>"},"content":{"rendered":"\n<figure class=\"wp-block-image\"><img loading=\"lazy\" decoding=\"async\" width=\"1024\" height=\"683\" src=\"http:\/\/web-zac.com\/wp-content\/uploads\/2023\/11\/IMG-20231122-WA0176-1024x683.jpg\" alt=\"\" class=\"wp-image-16781\" srcset=\"http:\/\/web-zac.com\/wp-content\/uploads\/2023\/11\/IMG-20231122-WA0176-1024x683.jpg 1024w, http:\/\/web-zac.com\/wp-content\/uploads\/2023\/11\/IMG-20231122-WA0176-300x200.jpg 300w, http:\/\/web-zac.com\/wp-content\/uploads\/2023\/11\/IMG-20231122-WA0176-768x512.jpg 768w, http:\/\/web-zac.com\/wp-content\/uploads\/2023\/11\/IMG-20231122-WA0176-1536x1024.jpg 1536w, http:\/\/web-zac.com\/wp-content\/uploads\/2023\/11\/IMG-20231122-WA0176-1200x800.jpg 1200w, http:\/\/web-zac.com\/wp-content\/uploads\/2023\/11\/IMG-20231122-WA0176.jpg 1600w\" sizes=\"auto, (max-width: 1024px) 100vw, 1024px\" \/><\/figure>\n\n\n\n<p>\n<br>\u2022\tEl programa iniciar\u00e1 este 23 de noviembre y tendr\u00e1 actividades durante 16 d\u00edas.\n<br>\n<br>Zacatecas, Zac. El Ayuntamiento de Zacatecas realizar\u00e1 diversas actividades culturales y acad\u00e9micas para conmemorar el 25N D\u00eda Internacional de la Eliminaci\u00f3n de la Violencia contra la Mujer. \n<br>\n<br>A trav\u00e9s del Instituto Municipal de las Mujeres Zacatecanas para la Igualdad (Inmuzai) se prepar\u00f3 un extenso programa que iniciar\u00e1 el d\u00eda 23 de noviembre y concluir\u00e1 el d\u00eda 10 de diciembre, D\u00eda Internacional de los Derechos Humanos.\n<br>\n<br>Claudia Escobedo Monreal, titular del Inmuzai, explic\u00f3 que con el programa \u201cCapital Unida, Mujeres Libres de Violencia\u201d es un llamado a la sociedad, gobierno y activistas para evitar y poner fin a los actos violentos contra mujeres y ni\u00f1as. \n<br>\n<br>Coment\u00f3 que entre las actividades que se llevar\u00e1n a cabo se encuentran talleres de creaci\u00f3n de pol\u00edticas p\u00fablicas, mec\u00e1nica automotriz para mujeres, empoderamiento social y econ\u00f3mico; as\u00ed como conferencias con perspectiva de g\u00e9nero. \n<br>\n<br>El pronunciamiento contra la violencia hacia las mujeres se realizar\u00e1 el 24 de noviembre en el patio central de la Presidencia Municipal de Zacatecas a las 8:30 de la ma\u00f1ana, con la participaci\u00f3n de servidoras p\u00fablicas. \n<br>\n<br>Por su parte, Gloria Alicia Due\u00f1as, secretaria t\u00e9cnica del Ayuntamiento de Zacatecas, mencion\u00f3 que los trabajos en beneficio de las mujeres capitalinas han tenido un importante impacto dentro de la sociedad. \n<br>\n<br>Dio a conocer que hasta el momento se han capacitado en seis talleres a los enlaces de igualdad como parte de la implementaci\u00f3n del modelo de g\u00e9nero en conjunto con el Inmuzai. \n<br>\n<br>Coment\u00f3 que en el programa por el 25N se programaron actividades como la capacitaci\u00f3n en educaci\u00f3n vial y autodefensa con perspectiva hacia las mujeres, as\u00ed como prevenci\u00f3n en el hostigamiento y acoso sexual, dirigido principalmente a la poblaci\u00f3n masculina de la administraci\u00f3n p\u00fablica. \n<br>\n<br>Durante la presentaci\u00f3n del programa, informaron que el d\u00eda 5 de diciembre se contar\u00e1 con la participaci\u00f3n de la saxofonista, Mar\u00eda Elena R\u00edos, con su conferencia \u201cViolencia \u00e1cida: Ley Malena\u201d. \n<br>\n<br>El programa completo y las sedes pueden consultarse en las redes sociales del Inmuzai y el Ayuntamiento de Zacatecas.\n<br>\n<br>Para realizar el programa se realiz\u00f3 un trabajo coordinado entre la administraci\u00f3n de la Capital, la Secretar\u00eda de Seguridad P\u00fablica, Inmuzai y colectivos feministas de Zacatecas. \n<br>\n<br>Cabe recordar que la administraci\u00f3n del Dr. Jorge Miranda Castro continuar\u00e1 con la implementaci\u00f3n de pol\u00edticas p\u00fablicas para erradicar la violencia hacia la mujer zacatecana.<\/p>\n","protected":false},"excerpt":{"rendered":"<p>\u2022 El programa iniciar\u00e1 este 23 de noviembre y tendr\u00e1 actividades durante 16 d\u00edas. Zacatecas, Zac. El Ayuntamiento de Zacatecas realizar\u00e1 diversas actividades culturales y acad\u00e9micas para conmemorar el 25N D\u00eda Internacional de la Eliminaci\u00f3n de la Violencia contra la Mujer. A trav\u00e9s del Instituto Municipal de las Mujeres Zacatecanas para la Igualdad (Inmuzai) se [&hellip;]<\/p>\n","protected":false},"author":3,"featured_media":16781,"comment_status":"open","ping_status":"open","sticky":false,"template":"","format":"standard","meta":{"footnotes":""},"categories":[6,18],"tags":[],"class_list":["post-16782","post","type-post","status-publish","format-standard","has-post-thumbnail","hentry","category-webmunicipios","category-zacatecas"],"jetpack_featured_media_url":"http:\/\/web-zac.com\/wp-content\/uploads\/2023\/11\/IMG-20231122-WA0176.jpg","_links":{"self":[{"href":"http:\/\/web-zac.com\/index.php?rest_route=\/wp\/v2\/posts\/16782","targetHints":{"allow":["GET"]}}],"collection":[{"href":"http:\/\/web-zac.com\/index.php?rest_route=\/wp\/v2\/posts"}],"about":[{"href":"http:\/\/web-zac.com\/index.php?rest_route=\/wp\/v2\/types\/post"}],"author":[{"embeddable":true,"href":"http:\/\/web-zac.com\/index.php?rest_route=\/wp\/v2\/users\/3"}],"replies":[{"embeddable":true,"href":"http:\/\/web-zac.com\/index.php?rest_route=%2Fwp%2Fv2%2Fcomments&post=16782"}],"version-history":[{"count":1,"href":"http:\/\/web-zac.com\/index.php?rest_route=\/wp\/v2\/posts\/16782\/revisions"}],"predecessor-version":[{"id":16783,"href":"http:\/\/web-zac.com\/index.php?rest_route=\/wp\/v2\/posts\/16782\/revisions\/16783"}],"wp:featuredmedia":[{"embeddable":true,"href":"http:\/\/web-zac.com\/index.php?rest_route=\/wp\/v2\/media\/16781"}],"wp:attachment":[{"href":"http:\/\/web-zac.com\/index.php?rest_route=%2Fwp%2Fv2%2Fmedia&parent=16782"}],"wp:term":[{"taxonomy":"category","embeddable":true,"href":"http:\/\/web-zac.com\/index.php?rest_route=%2Fwp%2Fv2%2Fcategories&post=16782"},{"taxonomy":"post_tag","embeddable":true,"href":"http:\/\/web-zac.com\/index.php?rest_route=%2Fwp%2Fv2%2Ftags&post=16782"}],"curies":[{"name":"wp","href":"https:\/\/api.w.org\/{rel}","templated":true}]}}