{"id":16770,"date":"2023-11-22T17:18:22","date_gmt":"2023-11-22T23:18:22","guid":{"rendered":"http:\/\/web-zac.com\/?p=16770"},"modified":"2023-11-22T17:18:31","modified_gmt":"2023-11-22T23:18:31","slug":"rinde-protesta-mesa-directivadel-sindicato-de-musicos","status":"publish","type":"post","link":"http:\/\/web-zac.com\/?p=16770","title":{"rendered":"RINDE PROTESTA MESA DIRECTIVA\n<br>DEL SINDICATO DE M\u00daSICOS\n<br>"},"content":{"rendered":"\n<figure class=\"wp-block-image\"><img loading=\"lazy\" decoding=\"async\" width=\"1024\" height=\"682\" src=\"http:\/\/web-zac.com\/wp-content\/uploads\/2023\/11\/IMG-20231122-WA0156-1024x682.jpg\" alt=\"\" class=\"wp-image-16769\" srcset=\"http:\/\/web-zac.com\/wp-content\/uploads\/2023\/11\/IMG-20231122-WA0156-1024x682.jpg 1024w, http:\/\/web-zac.com\/wp-content\/uploads\/2023\/11\/IMG-20231122-WA0156-300x200.jpg 300w, http:\/\/web-zac.com\/wp-content\/uploads\/2023\/11\/IMG-20231122-WA0156-768x512.jpg 768w, http:\/\/web-zac.com\/wp-content\/uploads\/2023\/11\/IMG-20231122-WA0156-1200x800.jpg 1200w, http:\/\/web-zac.com\/wp-content\/uploads\/2023\/11\/IMG-20231122-WA0156.jpg 1280w\" sizes=\"auto, (max-width: 1024px) 100vw, 1024px\" \/><\/figure>\n\n\n\n<p>\n<br>\u2022\tCelebran el D\u00eda del M\u00fasico con tradicional convivio.\n<br>\n<br>\n<br>Fresnillo, Zac.- Pese al fr\u00edo, el Sindicato Filarm\u00f3nico de la Secci\u00f3n 39 de Fresnillo celebr\u00f3 el D\u00eda del M\u00fasico con un tradicional convivio. En \u00e9l tom\u00f3 protesta la nueva mesa directiva, encabezada por el secretario general Ra\u00fal Garc\u00eda Montano.\n<br>En un ambiente de fiesta, Mart\u00edn \u00c1lvarez Casio, secretario del Ayuntamiento y encargado del Despacho de la Presidencia, felicit\u00f3 al gremio fresnillense de los m\u00fasicos en este d\u00eda tan especial, as\u00ed como por su gran labor, esfuerzo y dedicaci\u00f3n para compartir el lenguaje universal que es la m\u00fasica. \n<br>El Ayuntamiento de Fresnillo, declar\u00f3 el funcionario, continuar\u00e1 colaborando con este gremio que coadyuva en la promoci\u00f3n de la cultura como parte de las acciones permanentes de prevenci\u00f3n de la violencia.\n<br>Frente a los integrantes del sindicato, Mart\u00edn \u00c1lvarez Casio tom\u00f3 protesta a Ra\u00fal Garc\u00eda Montano, secretario general; Roberto Antonio Soto, secretario de Trabajo; Manuel Hern\u00e1ndez, tesorero; Francisco I. Landeros, responsable de actas; y Ra\u00fal Mac\u00edas Hern\u00e1ndez, organizaci\u00f3n y propaganda.\n<br><\/p>\n","protected":false},"excerpt":{"rendered":"<p>\u2022 Celebran el D\u00eda del M\u00fasico con tradicional convivio. Fresnillo, Zac.- Pese al fr\u00edo, el Sindicato Filarm\u00f3nico de la Secci\u00f3n 39 de Fresnillo celebr\u00f3 el D\u00eda del M\u00fasico con un tradicional convivio. En \u00e9l tom\u00f3 protesta la nueva mesa directiva, encabezada por el secretario general Ra\u00fal Garc\u00eda Montano. En un ambiente de fiesta, Mart\u00edn \u00c1lvarez [&hellip;]<\/p>\n","protected":false},"author":3,"featured_media":16769,"comment_status":"open","ping_status":"open","sticky":false,"template":"","format":"standard","meta":{"footnotes":""},"categories":[19,6],"tags":[],"class_list":["post-16770","post","type-post","status-publish","format-standard","has-post-thumbnail","hentry","category-fresnillo","category-webmunicipios"],"jetpack_featured_media_url":"http:\/\/web-zac.com\/wp-content\/uploads\/2023\/11\/IMG-20231122-WA0156.jpg","_links":{"self":[{"href":"http:\/\/web-zac.com\/index.php?rest_route=\/wp\/v2\/posts\/16770","targetHints":{"allow":["GET"]}}],"collection":[{"href":"http:\/\/web-zac.com\/index.php?rest_route=\/wp\/v2\/posts"}],"about":[{"href":"http:\/\/web-zac.com\/index.php?rest_route=\/wp\/v2\/types\/post"}],"author":[{"embeddable":true,"href":"http:\/\/web-zac.com\/index.php?rest_route=\/wp\/v2\/users\/3"}],"replies":[{"embeddable":true,"href":"http:\/\/web-zac.com\/index.php?rest_route=%2Fwp%2Fv2%2Fcomments&post=16770"}],"version-history":[{"count":1,"href":"http:\/\/web-zac.com\/index.php?rest_route=\/wp\/v2\/posts\/16770\/revisions"}],"predecessor-version":[{"id":16771,"href":"http:\/\/web-zac.com\/index.php?rest_route=\/wp\/v2\/posts\/16770\/revisions\/16771"}],"wp:featuredmedia":[{"embeddable":true,"href":"http:\/\/web-zac.com\/index.php?rest_route=\/wp\/v2\/media\/16769"}],"wp:attachment":[{"href":"http:\/\/web-zac.com\/index.php?rest_route=%2Fwp%2Fv2%2Fmedia&parent=16770"}],"wp:term":[{"taxonomy":"category","embeddable":true,"href":"http:\/\/web-zac.com\/index.php?rest_route=%2Fwp%2Fv2%2Fcategories&post=16770"},{"taxonomy":"post_tag","embeddable":true,"href":"http:\/\/web-zac.com\/index.php?rest_route=%2Fwp%2Fv2%2Ftags&post=16770"}],"curies":[{"name":"wp","href":"https:\/\/api.w.org\/{rel}","templated":true}]}}