{"id":16761,"date":"2023-11-21T17:44:23","date_gmt":"2023-11-21T23:44:23","guid":{"rendered":"http:\/\/web-zac.com\/?p=16761"},"modified":"2023-11-21T17:44:39","modified_gmt":"2023-11-21T23:44:39","slug":"arranca-morena-precampana-de-claudia-sheinbaum-con-66-de-aprobacion-oposicion-no-existe","status":"publish","type":"post","link":"http:\/\/web-zac.com\/?p=16761","title":{"rendered":"ARRANCA MORENA PRECAMPA\u00d1A DE CLAUDIA SHEINBAUM CON 66 % DE APROBACI\u00d3N; OPOSICI\u00d3N NO EXISTE."},"content":{"rendered":"\n<figure class=\"wp-block-image\"><img loading=\"lazy\" decoding=\"async\" width=\"1024\" height=\"724\" src=\"http:\/\/web-zac.com\/wp-content\/uploads\/2023\/11\/IMG-20231121-WA0108-1024x724.jpg\" alt=\"\" class=\"wp-image-16760\" srcset=\"http:\/\/web-zac.com\/wp-content\/uploads\/2023\/11\/IMG-20231121-WA0108-1024x724.jpg 1024w, http:\/\/web-zac.com\/wp-content\/uploads\/2023\/11\/IMG-20231121-WA0108-300x212.jpg 300w, http:\/\/web-zac.com\/wp-content\/uploads\/2023\/11\/IMG-20231121-WA0108-768x543.jpg 768w, http:\/\/web-zac.com\/wp-content\/uploads\/2023\/11\/IMG-20231121-WA0108-1536x1086.jpg 1536w, http:\/\/web-zac.com\/wp-content\/uploads\/2023\/11\/IMG-20231121-WA0108-1200x848.jpg 1200w, http:\/\/web-zac.com\/wp-content\/uploads\/2023\/11\/IMG-20231121-WA0108.jpg 1600w\" sizes=\"auto, (max-width: 1024px) 100vw, 1024px\" \/><\/figure>\n\n\n\n<p>\n<br>En rueda de prensa el Comit\u00e9 Ejecutivo Estatal de Morena celebr\u00f3 que, con m\u00e1s de 66 por ciento de aceptaci\u00f3n actual, la Dra. Claudia Sheinbaum Pardo se convirti\u00f3 en la Precandidata \u00danica por la coalici\u00f3n Sigamos Haciendo Historia, conformada por Morena y sus aliados: el Partido del Trabajo (PT) y el Partido Verde Ecologista de M\u00e9xico (PVEM). \n<br>\n<br>Rub\u00e9n Flores M\u00e1rquez, Presidente del Consejo Estatal, acompa\u00f1ado por Roxana Mu\u00f1oz, Presidenta del Comit\u00e9 Ejecutivo y Mariano Casas, Secretario General,  mencion\u00f3 que es contundente la ventaja que tienen la Precandidata \u00danica, as\u00ed como el  partido- movimiento en el arranque de la precampa\u00f1a, ya que al preguntarle a la ciudadan\u00eda \u201c\u00bfpor cu\u00e1l partido votar\u00eda?\u201d, m\u00e1s del 50 por ciento respondi\u00f3 que por Morena en todas las encuestas. \n<br>\n<br>\u201cHoy nuestro movimiento m\u00e1s all\u00e1 de las alianzas puede ser  muy contundente por s\u00ed solo, podemos llevar a la Cuarta Transformaci\u00f3n a un segundo piso y no hay otro partido que se nos acerque. Esto no es para confiarnos sino para que sigamos trabajando. Los resultados son reflejo del buen gobierno que ha realizado el Presidente Andr\u00e9s Manuel L\u00f3pez Obrador y de nuestro caminar diario\u201d, enfatiz\u00f3. \n<br>\n<br>Asimismo, explic\u00f3 que, desde el pasado 20 de noviembre arranc\u00f3 en Zacatecas el proceso electoral local, mismo que se encuentra en la fase de registro de las y los aspirantes a una diputaci\u00f3n federal o senadur\u00eda por representaci\u00f3n proporcional, y que las y los aspirantes a diputaciones locales, presidencias municipales, sindicaturas y regidur\u00edas deber\u00e1n hacer lo propio los d\u00edas 26, 27 y 28 del presente mes. \n<br>\n<br>Por su parte, el Secretario General dio a conocer que, el pasado domingo en su registro como Precandidata \u00danica, Sheinbaum Pardo hizo p\u00fablicos \u201c17 sue\u00f1os o apuntes\u201d para consolidar el segundo piso de la Cuarta Transformaci\u00f3n, entre los que destacan: Mantener la austeridad republicana; fortalecer los programas sociales; seguir aumentando el salario m\u00ednimo por encima de la inflaci\u00f3n; impulsar la inversi\u00f3n p\u00fablica para el desarrollo regional; y  dar \u00e9nfasis especial a la educaci\u00f3n p\u00fablica.\n<br>\n<br>Adem\u00e1s refiri\u00f3 el trabajo por el fortalecimiento al sistema p\u00fablico de salud: ISSSTE, IMSS e IMSS-bienestar; fortalecer el acceso a la vivienda digna; garantizar la justicia para los pueblos ind\u00edgenas; promover la igualdad sustantiva para una vida digna y de bienestar para las mujeres; y hacer uso del Tratado Comercial de Am\u00e9rica del Norte para impulsar inversiones extranjeras.\n<br>\n<br>Por otro lado, continu\u00f3 con esfuerzos como impulsar el desarrollo cient\u00edfico, tecnol\u00f3gico y cultural; impulsar la transici\u00f3n energ\u00e9tica hacia fuentes renovables; garantizar el derecho al agua para todas y todos; seguir promoviendo la soberan\u00eda alimentaria y el apoyo al campo; obtener paz y seguridad como fruto de la justicia en todos los \u00e1mbitos, as\u00ed como lograr el Plan C en los poderes legislativos. \n<br>\n<br>Por \u00faltimo, Roxana Mu\u00f1oz Gonz\u00e1lez mencion\u00f3 que \u201cen Zacatecas estamos listos para el arranque de la precampa\u00f1a y todo lo que implica el proceso electoral del siguiente a\u00f1o. Vamos a tener a la primera mujer presidenta de M\u00e9xico y a lograr las mayor\u00edas en los poderes legislativos con el Plan C\u201d. \n<br>\n<br><\/p>\n","protected":false},"excerpt":{"rendered":"<p>En rueda de prensa el Comit\u00e9 Ejecutivo Estatal de Morena celebr\u00f3 que, con m\u00e1s de 66 por ciento de aceptaci\u00f3n actual, la Dra. Claudia Sheinbaum Pardo se convirti\u00f3 en la Precandidata \u00danica por la coalici\u00f3n Sigamos Haciendo Historia, conformada por Morena y sus aliados: el Partido del Trabajo (PT) y el Partido Verde Ecologista de [&hellip;]<\/p>\n","protected":false},"author":3,"featured_media":16760,"comment_status":"open","ping_status":"open","sticky":false,"template":"","format":"standard","meta":{"footnotes":""},"categories":[4,3],"tags":[],"class_list":["post-16761","post","type-post","status-publish","format-standard","has-post-thumbnail","hentry","category-webgobierno","category-webpolitica"],"jetpack_featured_media_url":"http:\/\/web-zac.com\/wp-content\/uploads\/2023\/11\/IMG-20231121-WA0108.jpg","_links":{"self":[{"href":"http:\/\/web-zac.com\/index.php?rest_route=\/wp\/v2\/posts\/16761","targetHints":{"allow":["GET"]}}],"collection":[{"href":"http:\/\/web-zac.com\/index.php?rest_route=\/wp\/v2\/posts"}],"about":[{"href":"http:\/\/web-zac.com\/index.php?rest_route=\/wp\/v2\/types\/post"}],"author":[{"embeddable":true,"href":"http:\/\/web-zac.com\/index.php?rest_route=\/wp\/v2\/users\/3"}],"replies":[{"embeddable":true,"href":"http:\/\/web-zac.com\/index.php?rest_route=%2Fwp%2Fv2%2Fcomments&post=16761"}],"version-history":[{"count":1,"href":"http:\/\/web-zac.com\/index.php?rest_route=\/wp\/v2\/posts\/16761\/revisions"}],"predecessor-version":[{"id":16762,"href":"http:\/\/web-zac.com\/index.php?rest_route=\/wp\/v2\/posts\/16761\/revisions\/16762"}],"wp:featuredmedia":[{"embeddable":true,"href":"http:\/\/web-zac.com\/index.php?rest_route=\/wp\/v2\/media\/16760"}],"wp:attachment":[{"href":"http:\/\/web-zac.com\/index.php?rest_route=%2Fwp%2Fv2%2Fmedia&parent=16761"}],"wp:term":[{"taxonomy":"category","embeddable":true,"href":"http:\/\/web-zac.com\/index.php?rest_route=%2Fwp%2Fv2%2Fcategories&post=16761"},{"taxonomy":"post_tag","embeddable":true,"href":"http:\/\/web-zac.com\/index.php?rest_route=%2Fwp%2Fv2%2Ftags&post=16761"}],"curies":[{"name":"wp","href":"https:\/\/api.w.org\/{rel}","templated":true}]}}