{"id":16742,"date":"2023-11-20T23:03:52","date_gmt":"2023-11-21T05:03:52","guid":{"rendered":"http:\/\/web-zac.com\/?p=16742"},"modified":"2023-11-20T23:04:07","modified_gmt":"2023-11-21T05:04:07","slug":"encabezan-gobernador-david-monreal-avila-y-comandante-de-la-11-zona-militar-la-imposicion-de-ascensos-2023","status":"publish","type":"post","link":"http:\/\/web-zac.com\/?p=16742","title":{"rendered":"Encabezan Gobernador David Monreal \u00c1vila y Comandante de la 11 Zona militar la imposici\u00f3n de ascensos 2023"},"content":{"rendered":"\n<figure class=\"wp-block-image\"><img loading=\"lazy\" decoding=\"async\" width=\"300\" height=\"200\" src=\"http:\/\/web-zac.com\/wp-content\/uploads\/2023\/11\/IMG-20231120-WA0032-300x200.jpg\" alt=\"\" class=\"wp-image-16741\" srcset=\"http:\/\/web-zac.com\/wp-content\/uploads\/2023\/11\/IMG-20231120-WA0032-300x200.jpg 300w, http:\/\/web-zac.com\/wp-content\/uploads\/2023\/11\/IMG-20231120-WA0032.jpg 720w\" sizes=\"auto, (max-width: 300px) 100vw, 300px\" \/><\/figure>\n\n\n\n<p>\n<br>\n<br>\uf0a7\tCuatro jefes y 22 oficiales recibieron nuevas insignias de grados inmediatos superiores\n<br>\uf0a7\tA la ceremonia acudi\u00f3 el General Alejandro Vargas Gonz\u00e1lez, comandante de la 11 Zona militar, as\u00ed como integrantes de la Mesa estatal de construcci\u00f3n de paz\n<br>\n<br>Zacatecas, Zac., 20 de noviembre de 2023.- En el marco del 113 aniversario del inicio de la Revoluci\u00f3n Mexicana, el Gobernador David Monreal \u00c1vila y el Comandante de la 11 Zona Militar, General Alejandro Vargas Gonz\u00e1lez, encabezaron la ceremonia de imposici\u00f3n de ascensos 2023, de acuerdo a la Ley de Ascensos y Recompensas del Ej\u00e9rcito y Fuerza A\u00e9rea Mexicanos. \n<br>\n<br>Un total de cuatro jefes y 22 oficiales recibieron las nuevas insignias de grados inmediatos superiores de manos del mandatario estatal, del general Vargas Gonz\u00e1lez, as\u00ed como del Comisario Juan Manr\u00edquez Moreno, coordinador estatal de la Guardia Nacional, e integrantes de la Mesa estatal de Construcci\u00f3n de Paz y autoridades militares y civiles, quienes se reunieron en la Plaza de Armas de la capital zacatecana.\n<br>\n<br>Luego de realizar los Honores a la Bandera, a los que tambi\u00e9n asisti\u00f3 personal militar y familiares del personal ascendido, Manuel Ricardo Samar Santiago, teniente del 5\u00ba Batall\u00f3n de la Polic\u00eda Militar, los llam\u00f3 a la reflexi\u00f3n sobre las implicaciones de este logro en su carrera militar.\n<br>\n<br>\u201cEs momento de j\u00fabilo y celebraci\u00f3n, as\u00ed como de la reflexi\u00f3n sobre el compromiso que se adquiere al obtener un grado m\u00e1s en la escala jer\u00e1rquica militar, es el resultado del esfuerzo y la dedicaci\u00f3n al trabajo diario, pero aceptamos que estamos adquiriendo una responsabilidad y compromiso para continuar en la senda del servicio incondicional a las instituciones de M\u00e9xico\u201d, les dijo.\n<br>\n<br>\u2014ooOoo\u2014<\/p>\n","protected":false},"excerpt":{"rendered":"<p>\uf0a7 Cuatro jefes y 22 oficiales recibieron nuevas insignias de grados inmediatos superiores \uf0a7 A la ceremonia acudi\u00f3 el General Alejandro Vargas Gonz\u00e1lez, comandante de la 11 Zona militar, as\u00ed como integrantes de la Mesa estatal de construcci\u00f3n de paz Zacatecas, Zac., 20 de noviembre de 2023.- En el marco del 113 aniversario del inicio [&hellip;]<\/p>\n","protected":false},"author":3,"featured_media":16741,"comment_status":"open","ping_status":"open","sticky":false,"template":"","format":"standard","meta":{"footnotes":""},"categories":[4,22],"tags":[],"class_list":["post-16742","post","type-post","status-publish","format-standard","has-post-thumbnail","hentry","category-webgobierno","category-gobierno"],"jetpack_featured_media_url":"http:\/\/web-zac.com\/wp-content\/uploads\/2023\/11\/IMG-20231120-WA0032.jpg","_links":{"self":[{"href":"http:\/\/web-zac.com\/index.php?rest_route=\/wp\/v2\/posts\/16742","targetHints":{"allow":["GET"]}}],"collection":[{"href":"http:\/\/web-zac.com\/index.php?rest_route=\/wp\/v2\/posts"}],"about":[{"href":"http:\/\/web-zac.com\/index.php?rest_route=\/wp\/v2\/types\/post"}],"author":[{"embeddable":true,"href":"http:\/\/web-zac.com\/index.php?rest_route=\/wp\/v2\/users\/3"}],"replies":[{"embeddable":true,"href":"http:\/\/web-zac.com\/index.php?rest_route=%2Fwp%2Fv2%2Fcomments&post=16742"}],"version-history":[{"count":1,"href":"http:\/\/web-zac.com\/index.php?rest_route=\/wp\/v2\/posts\/16742\/revisions"}],"predecessor-version":[{"id":16743,"href":"http:\/\/web-zac.com\/index.php?rest_route=\/wp\/v2\/posts\/16742\/revisions\/16743"}],"wp:featuredmedia":[{"embeddable":true,"href":"http:\/\/web-zac.com\/index.php?rest_route=\/wp\/v2\/media\/16741"}],"wp:attachment":[{"href":"http:\/\/web-zac.com\/index.php?rest_route=%2Fwp%2Fv2%2Fmedia&parent=16742"}],"wp:term":[{"taxonomy":"category","embeddable":true,"href":"http:\/\/web-zac.com\/index.php?rest_route=%2Fwp%2Fv2%2Fcategories&post=16742"},{"taxonomy":"post_tag","embeddable":true,"href":"http:\/\/web-zac.com\/index.php?rest_route=%2Fwp%2Fv2%2Ftags&post=16742"}],"curies":[{"name":"wp","href":"https:\/\/api.w.org\/{rel}","templated":true}]}}