{"id":16736,"date":"2023-11-20T22:58:29","date_gmt":"2023-11-21T04:58:29","guid":{"rendered":"http:\/\/web-zac.com\/?p=16736"},"modified":"2023-11-20T22:58:43","modified_gmt":"2023-11-21T04:58:43","slug":"fortalece-gobierno-de-zacatecas-valores-civicos-y-nacionalistas-con-desfile-conmemorativo-por-el-113-aniversario-de-la-revolucion-mexicana","status":"publish","type":"post","link":"http:\/\/web-zac.com\/?p=16736","title":{"rendered":"Fortalece Gobierno de Zacatecas valores c\u00edvicos y nacionalistas con desfile conmemorativo por el 113 Aniversario de la Revoluci\u00f3n Mexicana"},"content":{"rendered":"\n<figure class=\"wp-block-image\"><img loading=\"lazy\" decoding=\"async\" width=\"1024\" height=\"682\" src=\"http:\/\/web-zac.com\/wp-content\/uploads\/2023\/11\/IMG-20231120-WA0069-1024x682.jpg\" alt=\"\" class=\"wp-image-16735\" srcset=\"http:\/\/web-zac.com\/wp-content\/uploads\/2023\/11\/IMG-20231120-WA0069-1024x682.jpg 1024w, http:\/\/web-zac.com\/wp-content\/uploads\/2023\/11\/IMG-20231120-WA0069-300x200.jpg 300w, http:\/\/web-zac.com\/wp-content\/uploads\/2023\/11\/IMG-20231120-WA0069-768x512.jpg 768w, http:\/\/web-zac.com\/wp-content\/uploads\/2023\/11\/IMG-20231120-WA0069-1536x1023.jpg 1536w, http:\/\/web-zac.com\/wp-content\/uploads\/2023\/11\/IMG-20231120-WA0069-1200x800.jpg 1200w, http:\/\/web-zac.com\/wp-content\/uploads\/2023\/11\/IMG-20231120-WA0069.jpg 1600w\" sizes=\"auto, (max-width: 1024px) 100vw, 1024px\" \/><\/figure>\n\n\n\n<p>\n<br> \n<br>\uf0a7\tEl Gobernador David Monreal \u00c1vila presenci\u00f3 el paso de grupos escolares y militares comprometidos con el fomento de la cohesi\u00f3n social \n<br>\uf0a7\tM\u00e1s de 2 mil 600 elementos de seguridad y 2 mil 400 estudiantes de los diferentes niveles educativos integraron el contingente del desfile\n<br>\n<br>Zacatecas, Zac., 20 de noviembre de 2023.- Con el fin de mantener en la memoria colectiva de los zacatecanos la gesta heroica que nos dio las garant\u00edas individuales que gozamos como sociedad, el Gobernador David Monreal \u00c1vila presidi\u00f3 el desfile c\u00edvico-deportivo-militar en conmemoraci\u00f3n del 113 Aniversario de la Revoluci\u00f3n Mexicana.\n<br>\n<br>Y es que para la administraci\u00f3n que encabeza el mandatario estatal, es de suma importancia resaltar eventos que fomenten los valores y la cohesi\u00f3n social, as\u00ed como refrendar el respeto por aquellos hombres que lucharon por consolidar una patria m\u00e1s justa y equitativa.\n<br>\n<br>La Secretar\u00eda de Educaci\u00f3n de Zacatecas (SEZ), a cargo de Maribel Villalpando Haro, fue la dependencia encargada de coordinar a los contingentes que marcharon por las principales calles del Centro Hist\u00f3rico de la ciudad.\n<br>\n<br>Como cada a\u00f1o, fue la Banda Sinf\u00f3nica del Estado la encargada de abrir paso a los bloques participantes de este acto conmemorativo.  \n<br>\n<br>En este 113 aniversario de la Revoluci\u00f3n Mexicana participaron 2 mil 400 estudiantes provenientes de 35 escuelas de los diferentes niveles educativos, tanto p\u00fablicas como privadas.\n<br>\n<br>Dichas instituciones fueron representadas por sus escoltas, bandas de guerra y tablas r\u00edtmicas, as\u00ed como con demostraciones deportivas y danc\u00edsticas por las que recibieron ovaciones por parte de las familias zacatecanas que se dieron cita para contemplar el evento c\u00edvico.\n<br>\n<br>En el recorrido tambi\u00e9n lucieron sus armas y destrezas m\u00e1s de 2 mil 600 efectivos de diferentes corporaciones de seguridad, como fueron elementos del Ej\u00e9rcito Mexicano del Batall\u00f3n de la Onceava Zona Militar, la Guardia Nacional (GN), Polic\u00eda Estatal Preventiva (PEP), Polic\u00eda de Seguridad Vial y Polic\u00eda Preventiva del Municipio de Zacatecas.\n<br>\n<br>Adem\u00e1s, desfilaron corporaciones de atenci\u00f3n de emergencias como La Cruz Roja Mexicana Delegaci\u00f3n Zacatecas, Protecci\u00f3n Civil y Bomberos del Estado de Zacatecas, as\u00ed como los elementos de Protecci\u00f3n Civil del Ayuntamiento de Zacatecas, Escuela de Charrer\u00eda y la Asociaci\u00f3n de Charros de Zacatecas.\n<br>\n<br>Previo al desfile, el Gobernador otorg\u00f3 el Premio Estatal del Deporte 2023 y felicit\u00f3 a quienes han entregado su vida y con sus logros, han dado gloria a este estado.\n<br>\n<br>Para concluir el desfile, se inform\u00f3 que desfilaron 336 integrantes del Ej\u00e9rcito Mexicano y Guardia Nacional, 30 rurales, dos banderas de guerra, una bandera monumental, 28 veh\u00edculos, un binomio can\u00f3filo y 30 equinos.\n<br>\n<br>Por parte de la Secretar\u00eda de Seguridad P\u00fablica (SSP) e Instituciones de Seguridad Social del estado y municipales, dos banderas, 310 polic\u00edas, una aeronave de ala rotativa, 25 veh\u00edculos, 11 motocicletas, dos binomios can\u00f3filos y 20 equinos. \n<br>\n<br>Marcharon 50 integrantes de la Banda Sinf\u00f3nica del Estado, 108 integrantes de las unidades de Protecci\u00f3n Civil, Bomberos y Medio Ambiente, as\u00ed como 44 banderas, 132 maestros, y 2 mil 400 alumnos de los diferentes planteles educativos.\n<br>\n<br>Participaron 240 alumnos del Bachillerato General Militarizado (BGM), 124 alumnos del Bachillerato General Policial (BGP), 40 integrantes de la Asociaci\u00f3n de Charros del estado de Zacatecas y diversas instituciones del gobierno para la atenci\u00f3n e inclusi\u00f3n de las personas con discapacidad, concluyendo el desfile sin novedad.\n<br>\n<br>Acompa\u00f1aron al mandatario estatal en el pres\u00eddium Sara Hern\u00e1ndez de Monreal, presidenta del Sistema Estatal para el Desarrollo Integral de la Familia (SEDIF); Rodrigo Reyes Mug\u00fcerza, secretario General de Gobierno; Arturo Nahle Garc\u00eda, presidente del Tribunal de Justicia del Estado; el General de Brigada Diplomado de Estado Mayor, Alejandro Vargas Gonz\u00e1lez, comandante de la Onceava Zona Militar; y Jorge Miranda Castro, presidente municipal de Zacatecas. \n<br>\n<br>\n<br>\u2014ooOoo\u2014<\/p>\n","protected":false},"excerpt":{"rendered":"<p>\uf0a7 El Gobernador David Monreal \u00c1vila presenci\u00f3 el paso de grupos escolares y militares comprometidos con el fomento de la cohesi\u00f3n social \uf0a7 M\u00e1s de 2 mil 600 elementos de seguridad y 2 mil 400 estudiantes de los diferentes niveles educativos integraron el contingente del desfile Zacatecas, Zac., 20 de noviembre de 2023.- Con el [&hellip;]<\/p>\n","protected":false},"author":3,"featured_media":16735,"comment_status":"open","ping_status":"open","sticky":false,"template":"","format":"standard","meta":{"footnotes":""},"categories":[4,22],"tags":[],"class_list":["post-16736","post","type-post","status-publish","format-standard","has-post-thumbnail","hentry","category-webgobierno","category-gobierno"],"jetpack_featured_media_url":"http:\/\/web-zac.com\/wp-content\/uploads\/2023\/11\/IMG-20231120-WA0069.jpg","_links":{"self":[{"href":"http:\/\/web-zac.com\/index.php?rest_route=\/wp\/v2\/posts\/16736","targetHints":{"allow":["GET"]}}],"collection":[{"href":"http:\/\/web-zac.com\/index.php?rest_route=\/wp\/v2\/posts"}],"about":[{"href":"http:\/\/web-zac.com\/index.php?rest_route=\/wp\/v2\/types\/post"}],"author":[{"embeddable":true,"href":"http:\/\/web-zac.com\/index.php?rest_route=\/wp\/v2\/users\/3"}],"replies":[{"embeddable":true,"href":"http:\/\/web-zac.com\/index.php?rest_route=%2Fwp%2Fv2%2Fcomments&post=16736"}],"version-history":[{"count":1,"href":"http:\/\/web-zac.com\/index.php?rest_route=\/wp\/v2\/posts\/16736\/revisions"}],"predecessor-version":[{"id":16737,"href":"http:\/\/web-zac.com\/index.php?rest_route=\/wp\/v2\/posts\/16736\/revisions\/16737"}],"wp:featuredmedia":[{"embeddable":true,"href":"http:\/\/web-zac.com\/index.php?rest_route=\/wp\/v2\/media\/16735"}],"wp:attachment":[{"href":"http:\/\/web-zac.com\/index.php?rest_route=%2Fwp%2Fv2%2Fmedia&parent=16736"}],"wp:term":[{"taxonomy":"category","embeddable":true,"href":"http:\/\/web-zac.com\/index.php?rest_route=%2Fwp%2Fv2%2Fcategories&post=16736"},{"taxonomy":"post_tag","embeddable":true,"href":"http:\/\/web-zac.com\/index.php?rest_route=%2Fwp%2Fv2%2Ftags&post=16736"}],"curies":[{"name":"wp","href":"https:\/\/api.w.org\/{rel}","templated":true}]}}