{"id":16733,"date":"2023-11-18T22:55:24","date_gmt":"2023-11-19T04:55:24","guid":{"rendered":"http:\/\/web-zac.com\/?p=16733"},"modified":"2023-11-21T12:44:33","modified_gmt":"2023-11-21T18:44:33","slug":"exitosa-celebracion-de-la-verbena-revolucionaria-miles-de-personas-acuden-a-la-alameda","status":"publish","type":"post","link":"http:\/\/web-zac.com\/?p=16733","title":{"rendered":"Exitosa celebraci\u00f3n de la Verbena Revolucionaria, miles de personas acuden a la Alameda"},"content":{"rendered":"\r\n\r\n\r\n<p>Zacatecas, Zac., 20 de noviembre de 2023.- Para conmemorar el CXIII Aniversario de la Revoluci\u00f3n Mexicana, el Gobierno de Zacatecas, a trav\u00e9s del Sistema Estatal para el Desarrollo Integral de la Familia (SEDIF) , llev\u00f3 a cabo la tradicional verbena familiar en la Alameda \u201cJ. Trinidad Garc\u00eda de la Cadena\u201d, a la que miles de personas acudieron para disfrutar de una sana convivencia en la capital zacatecana. <br \/><br \/>Luego de un recorrido que encabez\u00f3 el Director General del SEDIF, Humberto de la Torre Delgado, iniciaron las actividades de la tradicional Verbena Revolucionaria con la presencia de familias enteras que disfrutaron de tradicionales antojitos mexicanos. <br \/><br \/>Este festejo se realiz\u00f3 bajo la visi\u00f3n del Gobernador David Monreal \u00c1vila y su esposa, la Presidenta Honor\u00edfica del SEDIF, Sara Hern\u00e1ndez de Monreal, a fin de rescatar las tradiciones y de fomentar el sano esparcimiento para la familias, as\u00ed lo expres\u00f3 el Director General del SEDIF, V\u00edctor Humberto de la Torre Delgado. <br \/><br \/>En el evento tuvieron participaci\u00f3n de diferentes exponentes de la cultura mexicana, tales como el Mariachi \u201cJuveniles de Plata\u201d, el Ballet Folcl\u00f3rico de Zacatecas, la obra de teatro \u201cRevoluci\u00f3n Musical\u201d y la destacada presentaci\u00f3n de la internacional Banda Sinf\u00f3nica del Estado, que dirige el maestro Salvador Garc\u00eda. <br \/><br \/>En el transcurso de este festejo se celebr\u00f3 la premiaci\u00f3n del Segundo Concurso de Decoraci\u00f3n de Arcos y Espacios del Centro Hist\u00f3rico, que form\u00f3 parte del Festival de D\u00eda de Muertos 2023, en donde resultaron ganadores, en la Categor\u00eda \u201cDependencias\u201d, la Secretar\u00eda de Desarrollo Urbano y Vivienda (Seduvot), la Secretar\u00eda de Seguridad P\u00fablica (SSP) y el Instituto Zacatecano de Cultura (IZC), como primer, segundo y tercer lugar, de manera respectiva, quienes adornaron el Obispado, la Plaza del Museo Rafael Coronel y el Museo Zacatecano, en el mismo orden. <br \/><br \/>Dentro de esta categor\u00eda, se hizo menci\u00f3n honor\u00edfica a la Secretaria de la Funci\u00f3n P\u00fablica (SFP) y al Instituto de Seguridad y Servicios Sociales de los Trabajadores del Estado de Zacatecas (Issstezac), quienes decoraron el acceso trasero del Teatro Fernando Calder\u00f3n y el acceso lateral del Mercado Gonz\u00e1lez Ortega, de manera respectiva. <br \/><br \/>En cuanto a la Categor\u00eda \u201cParticulares\u201d, el resultado favoreci\u00f3 a la Escuela Secundaria Morelos, quien se llev\u00f3 el primer lugar por haber decorado la fachada de la Biblioteca Roberto Cabral, as\u00ed como Casa Torres y Preparatoria 1 de la Universidad Aut\u00f3noma de Zacatecas, como segundo y tercer lugar, en el mismo orden. <br \/><br \/>La menci\u00f3n honor\u00edfica en esta categor\u00eda fue para la Rosticer\u00eda El Pastor y Caf\u00e9 Bar Ni\u00f1as Santas. <br \/><br \/>Las y los ganadores, fueron acreedores de un reconocimiento y un premio equivalente a 35 mil pesos al primer lugar; 25 mil pesos al segundo lugar; 15 mil pesos al tercer lugar; y 10 mil pesos a la menci\u00f3n honor\u00edfica, en ambas categor\u00edas. <br \/><br \/>Al finalizar, familias completas, parejas y grupos de amigos disfrutaron de la gastronom\u00eda mexicana, con la participaci\u00f3n de las 30 dependencias del Gobierno de Zacatecas y los Ayuntamientos de Zacatecas y Guadalupe <br \/>.<\/p>\r\n","protected":false},"excerpt":{"rendered":"<p>Zacatecas, Zac., 20 de noviembre de 2023.- Para conmemorar el CXIII Aniversario de la Revoluci\u00f3n Mexicana, el Gobierno de Zacatecas, a trav\u00e9s del Sistema Estatal para el Desarrollo Integral de la Familia (SEDIF) , llev\u00f3 a cabo la tradicional verbena familiar en la Alameda \u201cJ. Trinidad Garc\u00eda de la Cadena\u201d, a la que miles de [&hellip;]<\/p>\n","protected":false},"author":3,"featured_media":16732,"comment_status":"open","ping_status":"open","sticky":false,"template":"","format":"standard","meta":{"footnotes":""},"categories":[4,22],"tags":[],"class_list":["post-16733","post","type-post","status-publish","format-standard","has-post-thumbnail","hentry","category-webgobierno","category-gobierno"],"jetpack_featured_media_url":"http:\/\/web-zac.com\/wp-content\/uploads\/2023\/11\/IMG-20231120-WA0102.jpg","_links":{"self":[{"href":"http:\/\/web-zac.com\/index.php?rest_route=\/wp\/v2\/posts\/16733","targetHints":{"allow":["GET"]}}],"collection":[{"href":"http:\/\/web-zac.com\/index.php?rest_route=\/wp\/v2\/posts"}],"about":[{"href":"http:\/\/web-zac.com\/index.php?rest_route=\/wp\/v2\/types\/post"}],"author":[{"embeddable":true,"href":"http:\/\/web-zac.com\/index.php?rest_route=\/wp\/v2\/users\/3"}],"replies":[{"embeddable":true,"href":"http:\/\/web-zac.com\/index.php?rest_route=%2Fwp%2Fv2%2Fcomments&post=16733"}],"version-history":[{"count":3,"href":"http:\/\/web-zac.com\/index.php?rest_route=\/wp\/v2\/posts\/16733\/revisions"}],"predecessor-version":[{"id":16747,"href":"http:\/\/web-zac.com\/index.php?rest_route=\/wp\/v2\/posts\/16733\/revisions\/16747"}],"wp:featuredmedia":[{"embeddable":true,"href":"http:\/\/web-zac.com\/index.php?rest_route=\/wp\/v2\/media\/16732"}],"wp:attachment":[{"href":"http:\/\/web-zac.com\/index.php?rest_route=%2Fwp%2Fv2%2Fmedia&parent=16733"}],"wp:term":[{"taxonomy":"category","embeddable":true,"href":"http:\/\/web-zac.com\/index.php?rest_route=%2Fwp%2Fv2%2Fcategories&post=16733"},{"taxonomy":"post_tag","embeddable":true,"href":"http:\/\/web-zac.com\/index.php?rest_route=%2Fwp%2Fv2%2Ftags&post=16733"}],"curies":[{"name":"wp","href":"https:\/\/api.w.org\/{rel}","templated":true}]}}