{"id":16686,"date":"2023-11-14T22:02:30","date_gmt":"2023-11-15T04:02:30","guid":{"rendered":"http:\/\/web-zac.com\/?p=16686"},"modified":"2023-11-15T12:59:21","modified_gmt":"2023-11-15T18:59:21","slug":"entrega-vero-diaz-su-registro-en-busqueda-de-la-candidatura-a-la-senaduria-por-morena","status":"publish","type":"post","link":"http:\/\/web-zac.com\/?p=16686","title":{"rendered":"Entrega Vero D\u00edaz su registro en b\u00fasqueda de la candidatura a la Senadur\u00eda por Morena"},"content":{"rendered":"\r\n\r\n\r\n<p>Zacatecas, Zac., 14 de noviembre de 2023. Este jueves, Ver\u00f3nica D\u00edaz Robles acudi\u00f3 a la sede del Comit\u00e9 Ejecutivo Estatal (CEE) de Morena, donde inform\u00f3 a sus integrantes de su registro para participar en el proceso interno como aspirante a la candidatura al Senado de la Rep\u00fablica, el cual realiz\u00f3 en los tiempos que marc\u00f3 la convocatoria emitida por este instituto pol\u00edtico.<br \/>D\u00edaz Robles salud\u00f3 a la Presidenta del CEE de MORENA, Roxana Mu\u00f1oz, y al Presidente del Consejo Estatal, Rub\u00e9n Flores, con quienes dialog\u00f3 sobre los grandes retos de frente a la consolidaci\u00f3n de la Cuarta Transformaci\u00f3n en Zacatecas y el pa\u00eds.<br \/>Tambi\u00e9n resalt\u00f3 que, como fundadora de MORENA y de la mano de la Coordinadora de la Defensa de la Transformaci\u00f3n, Claudia Sheinbaum, mantiene el compromiso de trabajar por el bienestar del pueblo y honrar el legado del Presidente Andr\u00e9s Manuel L\u00f3pez Obrador.<br \/>Por tal raz\u00f3n, dijo estar preparada para recorrer el estado a fin de saludar y platicar con la militancia en el marco del proceso interno para la definici\u00f3n de las candidatas y los candidatos que continuar\u00e1n en la lucha por consolidar la transformaci\u00f3n de M\u00e9xico.<\/p>\r\n","protected":false},"excerpt":{"rendered":"<p>Zacatecas, Zac., 14 de noviembre de 2023. Este jueves, Ver\u00f3nica D\u00edaz Robles acudi\u00f3 a la sede del Comit\u00e9 Ejecutivo Estatal (CEE) de Morena, donde inform\u00f3 a sus integrantes de su registro para participar en el proceso interno como aspirante a la candidatura al Senado de la Rep\u00fablica, el cual realiz\u00f3 en los tiempos que marc\u00f3 [&hellip;]<\/p>\n","protected":false},"author":3,"featured_media":16685,"comment_status":"open","ping_status":"open","sticky":false,"template":"","format":"standard","meta":{"footnotes":""},"categories":[3],"tags":[],"class_list":["post-16686","post","type-post","status-publish","format-standard","has-post-thumbnail","hentry","category-webpolitica"],"jetpack_featured_media_url":"http:\/\/web-zac.com\/wp-content\/uploads\/2023\/11\/IMG-20231114-WA0205.jpg","_links":{"self":[{"href":"http:\/\/web-zac.com\/index.php?rest_route=\/wp\/v2\/posts\/16686","targetHints":{"allow":["GET"]}}],"collection":[{"href":"http:\/\/web-zac.com\/index.php?rest_route=\/wp\/v2\/posts"}],"about":[{"href":"http:\/\/web-zac.com\/index.php?rest_route=\/wp\/v2\/types\/post"}],"author":[{"embeddable":true,"href":"http:\/\/web-zac.com\/index.php?rest_route=\/wp\/v2\/users\/3"}],"replies":[{"embeddable":true,"href":"http:\/\/web-zac.com\/index.php?rest_route=%2Fwp%2Fv2%2Fcomments&post=16686"}],"version-history":[{"count":2,"href":"http:\/\/web-zac.com\/index.php?rest_route=\/wp\/v2\/posts\/16686\/revisions"}],"predecessor-version":[{"id":16689,"href":"http:\/\/web-zac.com\/index.php?rest_route=\/wp\/v2\/posts\/16686\/revisions\/16689"}],"wp:featuredmedia":[{"embeddable":true,"href":"http:\/\/web-zac.com\/index.php?rest_route=\/wp\/v2\/media\/16685"}],"wp:attachment":[{"href":"http:\/\/web-zac.com\/index.php?rest_route=%2Fwp%2Fv2%2Fmedia&parent=16686"}],"wp:term":[{"taxonomy":"category","embeddable":true,"href":"http:\/\/web-zac.com\/index.php?rest_route=%2Fwp%2Fv2%2Fcategories&post=16686"},{"taxonomy":"post_tag","embeddable":true,"href":"http:\/\/web-zac.com\/index.php?rest_route=%2Fwp%2Fv2%2Ftags&post=16686"}],"curies":[{"name":"wp","href":"https:\/\/api.w.org\/{rel}","templated":true}]}}