{"id":16665,"date":"2023-11-12T13:20:20","date_gmt":"2023-11-12T19:20:20","guid":{"rendered":"http:\/\/web-zac.com\/?p=16665"},"modified":"2023-11-12T13:20:37","modified_gmt":"2023-11-12T19:20:37","slug":"realizan-jornada-de-labor-social-en-la-zona-norte","status":"publish","type":"post","link":"http:\/\/web-zac.com\/?p=16665","title":{"rendered":"REALIZAN JORNADA DE LABOR SOCIAL EN LA ZONA NORTE"},"content":{"rendered":"\n<figure class=\"wp-block-image\"><img loading=\"lazy\" decoding=\"async\" width=\"1024\" height=\"682\" src=\"http:\/\/web-zac.com\/wp-content\/uploads\/2023\/11\/IMG-20231110-WA0130-1024x682.jpg\" alt=\"\" class=\"wp-image-16664\" srcset=\"http:\/\/web-zac.com\/wp-content\/uploads\/2023\/11\/IMG-20231110-WA0130-1024x682.jpg 1024w, http:\/\/web-zac.com\/wp-content\/uploads\/2023\/11\/IMG-20231110-WA0130-300x200.jpg 300w, http:\/\/web-zac.com\/wp-content\/uploads\/2023\/11\/IMG-20231110-WA0130-768x512.jpg 768w, http:\/\/web-zac.com\/wp-content\/uploads\/2023\/11\/IMG-20231110-WA0130-1200x800.jpg 1200w, http:\/\/web-zac.com\/wp-content\/uploads\/2023\/11\/IMG-20231110-WA0130.jpg 1280w\" sizes=\"auto, (max-width: 1024px) 100vw, 1024px\" \/><\/figure>\n\n\n\n<p>\n<br>\n<br>\n<br>\n<br>Fresnillo, Zac.- En el Centro Vecinal Norte, el Ayuntamiento de Fresnillo, en coordinaci\u00f3n con el 97\/o. Batall\u00f3n de Infanter\u00eda, realiz\u00f3 una jornada de labor social para acercar diversos servicios a los habitantes de las colonias de la zona norte del \u00e1rea urbana del municipio.\n<br>Estas jornadas se han realizado en diversos puntos de la ciudad para que la poblaci\u00f3n acuda y aproveche los m\u00f3dulos de servicios m\u00e9dicos, mantenimiento y reparaci\u00f3n de electrodom\u00e9sticos, carpinter\u00eda, cortes de cabello y pl\u00e1ticas sobre el procedimiento para estudiar en el bachillerato militar. \n<br>Mart\u00edn \u00c1lvarez Casio, encargado del Despacho de la Presidencia de Fresnillo, mencion\u00f3 que estas jornadas acercan a la poblaci\u00f3n al personal militar para que conozca de primera mano el trabajo que realizan en beneficio del municipio. \n<br>El funcionario reconoci\u00f3 tambi\u00e9n al comandante Manuel Alejandro Guti\u00e9rrez Alonzo, coronel del Batall\u00f3n, por la iniciativa de estas jornadas que han ayudado a los fresnillenses.\n<br>Agreg\u00f3 que \u00e9sta es una labor interinstitucional, pues participa el Ayuntamiento, el 97\/o. Batall\u00f3n de Infanter\u00eda, la Guardia Nacional, la Polic\u00eda Municipal y la Comisi\u00f3n de Derechos Humanos del Estado de Zacatecas (CDHEZ).\n<br><\/p>\n","protected":false},"excerpt":{"rendered":"<p>Fresnillo, Zac.- En el Centro Vecinal Norte, el Ayuntamiento de Fresnillo, en coordinaci\u00f3n con el 97\/o. Batall\u00f3n de Infanter\u00eda, realiz\u00f3 una jornada de labor social para acercar diversos servicios a los habitantes de las colonias de la zona norte del \u00e1rea urbana del municipio. Estas jornadas se han realizado en diversos puntos de la ciudad [&hellip;]<\/p>\n","protected":false},"author":3,"featured_media":16664,"comment_status":"open","ping_status":"open","sticky":false,"template":"","format":"standard","meta":{"footnotes":""},"categories":[19,6],"tags":[],"class_list":["post-16665","post","type-post","status-publish","format-standard","has-post-thumbnail","hentry","category-fresnillo","category-webmunicipios"],"jetpack_featured_media_url":"http:\/\/web-zac.com\/wp-content\/uploads\/2023\/11\/IMG-20231110-WA0130.jpg","_links":{"self":[{"href":"http:\/\/web-zac.com\/index.php?rest_route=\/wp\/v2\/posts\/16665","targetHints":{"allow":["GET"]}}],"collection":[{"href":"http:\/\/web-zac.com\/index.php?rest_route=\/wp\/v2\/posts"}],"about":[{"href":"http:\/\/web-zac.com\/index.php?rest_route=\/wp\/v2\/types\/post"}],"author":[{"embeddable":true,"href":"http:\/\/web-zac.com\/index.php?rest_route=\/wp\/v2\/users\/3"}],"replies":[{"embeddable":true,"href":"http:\/\/web-zac.com\/index.php?rest_route=%2Fwp%2Fv2%2Fcomments&post=16665"}],"version-history":[{"count":1,"href":"http:\/\/web-zac.com\/index.php?rest_route=\/wp\/v2\/posts\/16665\/revisions"}],"predecessor-version":[{"id":16666,"href":"http:\/\/web-zac.com\/index.php?rest_route=\/wp\/v2\/posts\/16665\/revisions\/16666"}],"wp:featuredmedia":[{"embeddable":true,"href":"http:\/\/web-zac.com\/index.php?rest_route=\/wp\/v2\/media\/16664"}],"wp:attachment":[{"href":"http:\/\/web-zac.com\/index.php?rest_route=%2Fwp%2Fv2%2Fmedia&parent=16665"}],"wp:term":[{"taxonomy":"category","embeddable":true,"href":"http:\/\/web-zac.com\/index.php?rest_route=%2Fwp%2Fv2%2Fcategories&post=16665"},{"taxonomy":"post_tag","embeddable":true,"href":"http:\/\/web-zac.com\/index.php?rest_route=%2Fwp%2Fv2%2Ftags&post=16665"}],"curies":[{"name":"wp","href":"https:\/\/api.w.org\/{rel}","templated":true}]}}