{"id":16607,"date":"2023-11-07T16:33:52","date_gmt":"2023-11-07T22:33:52","guid":{"rendered":"http:\/\/web-zac.com\/?p=16607"},"modified":"2023-11-07T16:34:00","modified_gmt":"2023-11-07T22:34:00","slug":"capacita-gobierno-de-zacatecas-a-autoridades-de-40-municipios-en-prevencion-de-violencia-contra-la-ninez-y-adolescencia","status":"publish","type":"post","link":"http:\/\/web-zac.com\/?p=16607","title":{"rendered":"Capacita Gobierno de Zacatecas a autoridades de 40 municipios en Prevenci\u00f3n de Violencia contra la ni\u00f1ez y adolescencia"},"content":{"rendered":"\n<figure class=\"wp-block-image\"><img loading=\"lazy\" decoding=\"async\" width=\"1024\" height=\"683\" src=\"http:\/\/web-zac.com\/wp-content\/uploads\/2023\/11\/IMG-20231107-WA0101-1024x683.jpg\" alt=\"\" class=\"wp-image-16606\" srcset=\"http:\/\/web-zac.com\/wp-content\/uploads\/2023\/11\/IMG-20231107-WA0101-1024x683.jpg 1024w, http:\/\/web-zac.com\/wp-content\/uploads\/2023\/11\/IMG-20231107-WA0101-300x200.jpg 300w, http:\/\/web-zac.com\/wp-content\/uploads\/2023\/11\/IMG-20231107-WA0101-768x512.jpg 768w, http:\/\/web-zac.com\/wp-content\/uploads\/2023\/11\/IMG-20231107-WA0101-1200x800.jpg 1200w, http:\/\/web-zac.com\/wp-content\/uploads\/2023\/11\/IMG-20231107-WA0101.jpg 1500w\" sizes=\"auto, (max-width: 1024px) 100vw, 1024px\" \/><\/figure>\n\n\n\n<p><br> <br>Zacatecas, Zac., 7 de noviembre de 2023.- Un total de 40 municipios han participado en las Jornadas de Capacitaci\u00f3n a Autoridades de Primer Contacto para la Prevenci\u00f3n de la Violencia contra Ni\u00f1as, Ni\u00f1os y Adolescentes, impartidas por el Gobierno de Zacatecas, a trav\u00e9s de la Secretar\u00eda General de Gobierno.<br> <br>Este d\u00eda, las Jornadas llegaron al municipio de Ojocaliente, donde participaron autoridades de primer contacto de Cuauht\u00e9moc, P\u00e1nfilo Natera, Loreto, Luis Moya, Noria de \u00c1ngeles, Pinos, Villa Garc\u00eda, Villa Gonz\u00e1lez Ortega y Villa Hidalgo, las cuales recibieron las herramientas, conocimientos y habilidades necesarias para identificar, abordar y prevenir eficazmente casos de violencia contra este grupo vulnerable.<br> <br>La Secretaria Ejecutiva de Sistema para la Protecci\u00f3n Integral de Ni\u00f1as, Ni\u00f1os y Adolescentes, Lorena Lamas Arroyo, se pronunci\u00f3 por la colaboraci\u00f3n y articulaci\u00f3n de los distintos poderes y \u00f3rdenes de gobierno, la sociedad civil organizada, la academia, el sector privado y las asociaciones religiosas, para atender la violencia que se genera contra este sector de la sociedad.<br> <br>A la fecha se han realizado jornadas regionales de capacitaci\u00f3n en las cabeceras municipales de Zacatecas, Jerez, Francisco R. Murgu\u00eda, Concepci\u00f3n del Oro y Ojocaliente.<br> <br><\/p>\n","protected":false},"excerpt":{"rendered":"<p>Zacatecas, Zac., 7 de noviembre de 2023.- Un total de 40 municipios han participado en las Jornadas de Capacitaci\u00f3n a Autoridades de Primer Contacto para la Prevenci\u00f3n de la Violencia contra Ni\u00f1as, Ni\u00f1os y Adolescentes, impartidas por el Gobierno de Zacatecas, a trav\u00e9s de la Secretar\u00eda General de Gobierno. Este d\u00eda, las Jornadas llegaron al [&hellip;]<\/p>\n","protected":false},"author":3,"featured_media":16606,"comment_status":"open","ping_status":"open","sticky":false,"template":"","format":"standard","meta":{"footnotes":""},"categories":[4,22],"tags":[],"class_list":["post-16607","post","type-post","status-publish","format-standard","has-post-thumbnail","hentry","category-webgobierno","category-gobierno"],"jetpack_featured_media_url":"http:\/\/web-zac.com\/wp-content\/uploads\/2023\/11\/IMG-20231107-WA0101.jpg","_links":{"self":[{"href":"http:\/\/web-zac.com\/index.php?rest_route=\/wp\/v2\/posts\/16607","targetHints":{"allow":["GET"]}}],"collection":[{"href":"http:\/\/web-zac.com\/index.php?rest_route=\/wp\/v2\/posts"}],"about":[{"href":"http:\/\/web-zac.com\/index.php?rest_route=\/wp\/v2\/types\/post"}],"author":[{"embeddable":true,"href":"http:\/\/web-zac.com\/index.php?rest_route=\/wp\/v2\/users\/3"}],"replies":[{"embeddable":true,"href":"http:\/\/web-zac.com\/index.php?rest_route=%2Fwp%2Fv2%2Fcomments&post=16607"}],"version-history":[{"count":1,"href":"http:\/\/web-zac.com\/index.php?rest_route=\/wp\/v2\/posts\/16607\/revisions"}],"predecessor-version":[{"id":16608,"href":"http:\/\/web-zac.com\/index.php?rest_route=\/wp\/v2\/posts\/16607\/revisions\/16608"}],"wp:featuredmedia":[{"embeddable":true,"href":"http:\/\/web-zac.com\/index.php?rest_route=\/wp\/v2\/media\/16606"}],"wp:attachment":[{"href":"http:\/\/web-zac.com\/index.php?rest_route=%2Fwp%2Fv2%2Fmedia&parent=16607"}],"wp:term":[{"taxonomy":"category","embeddable":true,"href":"http:\/\/web-zac.com\/index.php?rest_route=%2Fwp%2Fv2%2Fcategories&post=16607"},{"taxonomy":"post_tag","embeddable":true,"href":"http:\/\/web-zac.com\/index.php?rest_route=%2Fwp%2Fv2%2Ftags&post=16607"}],"curies":[{"name":"wp","href":"https:\/\/api.w.org\/{rel}","templated":true}]}}