{"id":16409,"date":"2023-10-23T22:39:46","date_gmt":"2023-10-24T03:39:46","guid":{"rendered":"http:\/\/web-zac.com\/?p=16409"},"modified":"2023-10-23T22:40:06","modified_gmt":"2023-10-24T03:40:06","slug":"realizaran-edicion-especial-de-la-feria-nacional-del-empleo-con-enfoque-en-la-inclusion","status":"publish","type":"post","link":"http:\/\/web-zac.com\/?p=16409","title":{"rendered":"REALIZAR\u00c1N EDICI\u00d3N ESPECIAL DE LA FERIA NACIONAL DEL EMPLEO CON ENFOQUE EN LA INCLUSI\u00d3N"},"content":{"rendered":"\n<figure class=\"wp-block-image\"><img loading=\"lazy\" decoding=\"async\" width=\"1024\" height=\"683\" src=\"http:\/\/web-zac.com\/wp-content\/uploads\/2023\/10\/IMG-20231023-WA0209-1024x683.jpg\" alt=\"\" class=\"wp-image-16408\" srcset=\"http:\/\/web-zac.com\/wp-content\/uploads\/2023\/10\/IMG-20231023-WA0209-1024x683.jpg 1024w, http:\/\/web-zac.com\/wp-content\/uploads\/2023\/10\/IMG-20231023-WA0209-300x200.jpg 300w, http:\/\/web-zac.com\/wp-content\/uploads\/2023\/10\/IMG-20231023-WA0209-768x512.jpg 768w, http:\/\/web-zac.com\/wp-content\/uploads\/2023\/10\/IMG-20231023-WA0209-1200x800.jpg 1200w, http:\/\/web-zac.com\/wp-content\/uploads\/2023\/10\/IMG-20231023-WA0209.jpg 1500w\" sizes=\"auto, (max-width: 1024px) 100vw, 1024px\" \/><\/figure>\n\n\n\n<p>\n<br>\n<br>\u2022\tSe ofertar\u00e1n 400 vacantes exclusivas para grupos vulnerables, a trav\u00e9s de 20 empresas.\n<br>\n<br>Zacatecas, Zac. Realizar\u00e1n en la Capital la \u00faltima Feria Nacional del Empleo de 2023 que se llevar\u00e1 a cabo el pr\u00f3ximo 31 de octubre de 9:00 de la ma\u00f1ana a 3:00 de la tarde en el Domo de la FENAZA.\n<br>\n<br>La secretaria de Desarrollo Econ\u00f3mico y Turismo, Laila Villasuso Sabag, explic\u00f3 que se trata de una edici\u00f3n especial de la feria, ya que se abordar\u00e1 la inclusi\u00f3n laboral para personas con capacidades diferentes y grupos vulnerables. \n<br>\n<br>Coment\u00f3 que la feria est\u00e1 dirigida a personas que buscan empleo, programas de emprendimiento, equipamiento y movilidad laboral. \n<br>\n<br>Jaime Pinales Rodr\u00edguez, subsecretario del Servicio Nacional del Empleo en Zacatecas, dio a conocer que en la administraci\u00f3n del Dr. Jorge Miranda Castro se realizar\u00e1n 24 Ferias de Empleo. \n<br>\n<br>Destac\u00f3 que en la pr\u00f3xima edici\u00f3n que se llevar\u00e1 a cabo el 31 de octubre se ofertar\u00e1n 400 vacantes exclusivas para grupos vulnerables, a trav\u00e9s de 20 empresas. \n<br>\n<br>Adem\u00e1s, mencion\u00f3 que instalar\u00e1n m\u00f3dulos informativos sobre movilidad laboral en el extranjero con empresas en Alemania y Canad\u00e1, que brindan oportunidades en el sector de salud y la construcci\u00f3n. \n<br>\n<br>De igual forma, participar\u00e1 el personal de Fondo Plata para informar a la ciudadan\u00eda sobre los cr\u00e9ditos para emprendedores que van desde los 50 mil hasta los 500 mil pesos. \n<br>\n<br>Tambi\u00e9n habr\u00e1 stands de Infonavit y de la Secretar\u00eda de Administraci\u00f3n P\u00fablica (SAT) para dar a conocer los requerimientos que deben presentar las nuevas empresas para operar de forma correcta. \n<br>\n<br>Jazm\u00edn Sep\u00falveda, secretaria t\u00e9cnica del Instituto para la Atenci\u00f3n e Inclusi\u00f3n para las Personas con Discapacidad, destac\u00f3 que actualmente est\u00e1n registradas 47 mil personas con alg\u00fan tipo y grado de discapacidad. \n<br>\n<br>De dicha poblaci\u00f3n, entre el 10 y el 20% son personas en edad laboral interesadas en la inclusi\u00f3n y en tener un trabajo justo, por lo que es importante la Feria Nacional de Empleo. \n<br>\n<br>A esta conferencia tambi\u00e9n asistieron Sandra Valdez de Alba, titular del DIF Municipal; Carlo Magno Lara, presidente de la Comisi\u00f3n de Inclusi\u00f3n y Derechos Humanos y Ana Claudia Mart\u00ednez, reclutadora de la empresa Yusa Autoparts.<\/p>\n","protected":false},"excerpt":{"rendered":"<p>\u2022 Se ofertar\u00e1n 400 vacantes exclusivas para grupos vulnerables, a trav\u00e9s de 20 empresas. Zacatecas, Zac. Realizar\u00e1n en la Capital la \u00faltima Feria Nacional del Empleo de 2023 que se llevar\u00e1 a cabo el pr\u00f3ximo 31 de octubre de 9:00 de la ma\u00f1ana a 3:00 de la tarde en el Domo de la FENAZA. La [&hellip;]<\/p>\n","protected":false},"author":3,"featured_media":16408,"comment_status":"open","ping_status":"open","sticky":false,"template":"","format":"standard","meta":{"footnotes":""},"categories":[4,22,6,18],"tags":[],"class_list":["post-16409","post","type-post","status-publish","format-standard","has-post-thumbnail","hentry","category-webgobierno","category-gobierno","category-webmunicipios","category-zacatecas"],"jetpack_featured_media_url":"http:\/\/web-zac.com\/wp-content\/uploads\/2023\/10\/IMG-20231023-WA0209.jpg","_links":{"self":[{"href":"http:\/\/web-zac.com\/index.php?rest_route=\/wp\/v2\/posts\/16409","targetHints":{"allow":["GET"]}}],"collection":[{"href":"http:\/\/web-zac.com\/index.php?rest_route=\/wp\/v2\/posts"}],"about":[{"href":"http:\/\/web-zac.com\/index.php?rest_route=\/wp\/v2\/types\/post"}],"author":[{"embeddable":true,"href":"http:\/\/web-zac.com\/index.php?rest_route=\/wp\/v2\/users\/3"}],"replies":[{"embeddable":true,"href":"http:\/\/web-zac.com\/index.php?rest_route=%2Fwp%2Fv2%2Fcomments&post=16409"}],"version-history":[{"count":1,"href":"http:\/\/web-zac.com\/index.php?rest_route=\/wp\/v2\/posts\/16409\/revisions"}],"predecessor-version":[{"id":16410,"href":"http:\/\/web-zac.com\/index.php?rest_route=\/wp\/v2\/posts\/16409\/revisions\/16410"}],"wp:featuredmedia":[{"embeddable":true,"href":"http:\/\/web-zac.com\/index.php?rest_route=\/wp\/v2\/media\/16408"}],"wp:attachment":[{"href":"http:\/\/web-zac.com\/index.php?rest_route=%2Fwp%2Fv2%2Fmedia&parent=16409"}],"wp:term":[{"taxonomy":"category","embeddable":true,"href":"http:\/\/web-zac.com\/index.php?rest_route=%2Fwp%2Fv2%2Fcategories&post=16409"},{"taxonomy":"post_tag","embeddable":true,"href":"http:\/\/web-zac.com\/index.php?rest_route=%2Fwp%2Fv2%2Ftags&post=16409"}],"curies":[{"name":"wp","href":"https:\/\/api.w.org\/{rel}","templated":true}]}}