{"id":16398,"date":"2023-10-23T17:49:30","date_gmt":"2023-10-23T22:49:30","guid":{"rendered":"http:\/\/web-zac.com\/?p=16398"},"modified":"2023-10-23T17:49:51","modified_gmt":"2023-10-23T22:49:51","slug":"morena-zacatecas-referente-nacional-en-organizacion","status":"publish","type":"post","link":"http:\/\/web-zac.com\/?p=16398","title":{"rendered":"MORENA ZACATECAS, REFERENTE NACIONAL EN ORGANIZACI\u00d3N\n<br>"},"content":{"rendered":"\n<figure class=\"wp-block-image\"><img loading=\"lazy\" decoding=\"async\" width=\"1024\" height=\"768\" src=\"http:\/\/web-zac.com\/wp-content\/uploads\/2023\/10\/IMG-20231023-WA0127-1024x768.jpg\" alt=\"\" class=\"wp-image-16397\" srcset=\"http:\/\/web-zac.com\/wp-content\/uploads\/2023\/10\/IMG-20231023-WA0127-1024x768.jpg 1024w, http:\/\/web-zac.com\/wp-content\/uploads\/2023\/10\/IMG-20231023-WA0127-300x225.jpg 300w, http:\/\/web-zac.com\/wp-content\/uploads\/2023\/10\/IMG-20231023-WA0127-768x576.jpg 768w, http:\/\/web-zac.com\/wp-content\/uploads\/2023\/10\/IMG-20231023-WA0127-1200x900.jpg 1200w, http:\/\/web-zac.com\/wp-content\/uploads\/2023\/10\/IMG-20231023-WA0127.jpg 1448w\" sizes=\"auto, (max-width: 1024px) 100vw, 1024px\" \/><\/figure>\n\n\n\n<p>\n<br>En su visita al municipio de Jerez, la Dra. Claudia Sheinbaum Pardo, Coordinadora de los Comit\u00e9s de Defensa de la Cuarta Transformaci\u00f3n, reconoci\u00f3 el trabajo organizativo de Morena en Zacatecas, as\u00ed lo dio a conocer el Comit\u00e9 Ejecutivo Estatal en una rueda prensa ofrecida este lunes. \n<br>\n<br>Rub\u00e9n Flores M\u00e1rquez, Presidente del Consejo Estatal, explic\u00f3 que, el compromiso de las y los militantes en la conformaci\u00f3n de comit\u00e9s pone a Zacatecas como cabeza en la lista de resultados por estado.\n<br>\n<br>\u201cNos sentimos muy orgullosos de que seamos considerados como referente nacional en el trabajo organizativo, somos los n\u00famero uno y  esto nos alienta para seguir en el territorio, tal y como nos lo ense\u00f1\u00f3 nuestro Presidente, Andr\u00e9s Manuel L\u00f3pez Obrador, coment\u00f3.\n<br>\n<br>Por su parte, Roxana Mu\u00f1oz Gonz\u00e1lez celebr\u00f3 que la visita de Sheinbaum Pardo el pasado 19 de octubre haya sido un \u00e9xito gracias a la gran participaci\u00f3n y al ambiente de unidad que prevaleci\u00f3 entre toda la militancia. \n<br>\n<br>En su participaci\u00f3n, Mariano Casas Valadez dijo que una vez m\u00e1s Morena demostr\u00f3 que es el partido y movimiento m\u00e1s importante del pa\u00eds al poner el inter\u00e9s superior por encima de los intereses personales y de grupos. \n<br>\n<br>\u201cHemos demostrado que en Morena pueden confluir la experiencia y la juventud, que el esfuerzo de todas y todos repercuta en la permanencia de la Transformaci\u00f3n de la vida p\u00fablica de M\u00e9xico\u201d, finaliz\u00f3. \n<br>\n<br> \n<br>\n<br>\n<br>\n<br><\/p>\n","protected":false},"excerpt":{"rendered":"<p>En su visita al municipio de Jerez, la Dra. Claudia Sheinbaum Pardo, Coordinadora de los Comit\u00e9s de Defensa de la Cuarta Transformaci\u00f3n, reconoci\u00f3 el trabajo organizativo de Morena en Zacatecas, as\u00ed lo dio a conocer el Comit\u00e9 Ejecutivo Estatal en una rueda prensa ofrecida este lunes. Rub\u00e9n Flores M\u00e1rquez, Presidente del Consejo Estatal, explic\u00f3 que, [&hellip;]<\/p>\n","protected":false},"author":3,"featured_media":16397,"comment_status":"open","ping_status":"open","sticky":false,"template":"","format":"standard","meta":{"footnotes":""},"categories":[3],"tags":[],"class_list":["post-16398","post","type-post","status-publish","format-standard","has-post-thumbnail","hentry","category-webpolitica"],"jetpack_featured_media_url":"http:\/\/web-zac.com\/wp-content\/uploads\/2023\/10\/IMG-20231023-WA0127.jpg","_links":{"self":[{"href":"http:\/\/web-zac.com\/index.php?rest_route=\/wp\/v2\/posts\/16398","targetHints":{"allow":["GET"]}}],"collection":[{"href":"http:\/\/web-zac.com\/index.php?rest_route=\/wp\/v2\/posts"}],"about":[{"href":"http:\/\/web-zac.com\/index.php?rest_route=\/wp\/v2\/types\/post"}],"author":[{"embeddable":true,"href":"http:\/\/web-zac.com\/index.php?rest_route=\/wp\/v2\/users\/3"}],"replies":[{"embeddable":true,"href":"http:\/\/web-zac.com\/index.php?rest_route=%2Fwp%2Fv2%2Fcomments&post=16398"}],"version-history":[{"count":1,"href":"http:\/\/web-zac.com\/index.php?rest_route=\/wp\/v2\/posts\/16398\/revisions"}],"predecessor-version":[{"id":16399,"href":"http:\/\/web-zac.com\/index.php?rest_route=\/wp\/v2\/posts\/16398\/revisions\/16399"}],"wp:featuredmedia":[{"embeddable":true,"href":"http:\/\/web-zac.com\/index.php?rest_route=\/wp\/v2\/media\/16397"}],"wp:attachment":[{"href":"http:\/\/web-zac.com\/index.php?rest_route=%2Fwp%2Fv2%2Fmedia&parent=16398"}],"wp:term":[{"taxonomy":"category","embeddable":true,"href":"http:\/\/web-zac.com\/index.php?rest_route=%2Fwp%2Fv2%2Fcategories&post=16398"},{"taxonomy":"post_tag","embeddable":true,"href":"http:\/\/web-zac.com\/index.php?rest_route=%2Fwp%2Fv2%2Ftags&post=16398"}],"curies":[{"name":"wp","href":"https:\/\/api.w.org\/{rel}","templated":true}]}}