{"id":16375,"date":"2023-10-22T23:31:44","date_gmt":"2023-10-23T04:31:44","guid":{"rendered":"http:\/\/web-zac.com\/?p=16375"},"modified":"2023-10-22T23:31:56","modified_gmt":"2023-10-23T04:31:56","slug":"realizan-con-gran-exito-la-rodada-con-causa-por-mi-por-ellas-por-todas","status":"publish","type":"post","link":"http:\/\/web-zac.com\/?p=16375","title":{"rendered":"REALIZAN CON GRAN \u00c9XITO LA RODADA CON CAUSA, POR M\u00cd, POR ELLAS, POR TODAS"},"content":{"rendered":"\n<figure class=\"wp-block-image\"><img loading=\"lazy\" decoding=\"async\" width=\"1024\" height=\"683\" src=\"http:\/\/web-zac.com\/wp-content\/uploads\/2023\/10\/IMG-20231022-WA0114-1024x683.jpg\" alt=\"\" class=\"wp-image-16374\" srcset=\"http:\/\/web-zac.com\/wp-content\/uploads\/2023\/10\/IMG-20231022-WA0114-1024x683.jpg 1024w, http:\/\/web-zac.com\/wp-content\/uploads\/2023\/10\/IMG-20231022-WA0114-300x200.jpg 300w, http:\/\/web-zac.com\/wp-content\/uploads\/2023\/10\/IMG-20231022-WA0114-768x512.jpg 768w, http:\/\/web-zac.com\/wp-content\/uploads\/2023\/10\/IMG-20231022-WA0114-1200x800.jpg 1200w, http:\/\/web-zac.com\/wp-content\/uploads\/2023\/10\/IMG-20231022-WA0114.jpg 1296w\" sizes=\"auto, (max-width: 1024px) 100vw, 1024px\" \/><\/figure>\n\n\n\n<p>\n<br>\n<br>\u2022\tDecenas de capitalinos y capitalinas se dieron cita en las principales calles del Centro Hist\u00f3rico.\n<br>\n<br>El Ayuntamiento capitalino, a trav\u00e9s de la Secretar\u00eda de Desarrollo Econ\u00f3mico y Turismo en conjunto con el Departamento de Salud e Higiene, realiz\u00f3 la Rodada con Causa \u2013por m\u00ed, por ellas, por todas- como parte de las actividades alusivas al D\u00eda Internacional  de Lucha contra el C\u00e1ncer de Mama.\n<br>\n<br>El punto de reuni\u00f3n para todas las participantes fue la Alameda Trinidad Garc\u00eda de la Cadena, siguiendo por la avenida Ju\u00e1rez, calle Allende, avenida Guerrero, posteriormente calle Tacuba, avenida Hidalgo, Juan de Tolosa, vialidad Abasolo, Genaro Codina, Fernando Villalpando para terminar en el punto de partida.\n<br>\n<br>La m\u00e9dico F\u00e1tima Castrell\u00f3n, directora del Departamento de Salud e Higiene, agreg\u00f3 que este tipo de actividades se realizan por indicaciones del alcalde Jorge Miranda Castro, con la intenci\u00f3n de crear conciencia  sobre la importancia de la detecci\u00f3n y tratamiento de esta enfermedad.\n<br>\n<br>Cabe destacar que a esta actividad se sum\u00f3 la participaci\u00f3n de la Secretar\u00eda de Desarrollo Econ\u00f3mico y Turismo, ya que hubo una edici\u00f3n especial de las Jornadas Itinerantes Comerciales con la participaci\u00f3n de 98 emprendedores para ofertar sus productos, adem\u00e1s un porcentaje de las ventas se don\u00f3 a la asociaci\u00f3n civil Vida OncoImagen Zac.\n<br>\n<br>Laila Villasuso Sabag, secretaria de Desarrollo Econ\u00f3mico,  agreg\u00f3 que estas rodadas y las Jornadas Itinerantes son muy importantes para las y los capitalinos; por lo que tambi\u00e9n se instal\u00f3 un buz\u00f3n para donativos para quienes decidieron apoyar la noble causa.\n<br>\n<br>Villasuso Sabag explic\u00f3 que tambi\u00e9n se realiz\u00f3 una sesi\u00f3n especial de Zumba Rosa, adem\u00e1s de la participaci\u00f3n  de El Consejo Estatal Country y el grupo Chicas Country Dance, quienes realizaron una demostraci\u00f3n especial de baile.\n<br>\n<br>A la coordinaci\u00f3n y organizaci\u00f3n de la Rodada con causa se sumaron Jorge Belmontes Haro, miembro del equipo de log\u00edstica del municipio; representante de la asociaci\u00f3n de ciclistas \u201cAlebrijes\u201d, Francisco Lamas; Annie Montellano, representante de la Asociaci\u00f3n Civil OncoImagen;  as\u00ed como Efr\u00e9n Burgos, presidente del Concilio de Motociclistas de Zacatecas.<\/p>\n","protected":false},"excerpt":{"rendered":"<p>\u2022 Decenas de capitalinos y capitalinas se dieron cita en las principales calles del Centro Hist\u00f3rico. El Ayuntamiento capitalino, a trav\u00e9s de la Secretar\u00eda de Desarrollo Econ\u00f3mico y Turismo en conjunto con el Departamento de Salud e Higiene, realiz\u00f3 la Rodada con Causa \u2013por m\u00ed, por ellas, por todas- como parte de las actividades alusivas [&hellip;]<\/p>\n","protected":false},"author":3,"featured_media":16374,"comment_status":"open","ping_status":"open","sticky":false,"template":"","format":"standard","meta":{"footnotes":""},"categories":[6,18],"tags":[],"class_list":["post-16375","post","type-post","status-publish","format-standard","has-post-thumbnail","hentry","category-webmunicipios","category-zacatecas"],"jetpack_featured_media_url":"http:\/\/web-zac.com\/wp-content\/uploads\/2023\/10\/IMG-20231022-WA0114.jpg","_links":{"self":[{"href":"http:\/\/web-zac.com\/index.php?rest_route=\/wp\/v2\/posts\/16375","targetHints":{"allow":["GET"]}}],"collection":[{"href":"http:\/\/web-zac.com\/index.php?rest_route=\/wp\/v2\/posts"}],"about":[{"href":"http:\/\/web-zac.com\/index.php?rest_route=\/wp\/v2\/types\/post"}],"author":[{"embeddable":true,"href":"http:\/\/web-zac.com\/index.php?rest_route=\/wp\/v2\/users\/3"}],"replies":[{"embeddable":true,"href":"http:\/\/web-zac.com\/index.php?rest_route=%2Fwp%2Fv2%2Fcomments&post=16375"}],"version-history":[{"count":1,"href":"http:\/\/web-zac.com\/index.php?rest_route=\/wp\/v2\/posts\/16375\/revisions"}],"predecessor-version":[{"id":16376,"href":"http:\/\/web-zac.com\/index.php?rest_route=\/wp\/v2\/posts\/16375\/revisions\/16376"}],"wp:featuredmedia":[{"embeddable":true,"href":"http:\/\/web-zac.com\/index.php?rest_route=\/wp\/v2\/media\/16374"}],"wp:attachment":[{"href":"http:\/\/web-zac.com\/index.php?rest_route=%2Fwp%2Fv2%2Fmedia&parent=16375"}],"wp:term":[{"taxonomy":"category","embeddable":true,"href":"http:\/\/web-zac.com\/index.php?rest_route=%2Fwp%2Fv2%2Fcategories&post=16375"},{"taxonomy":"post_tag","embeddable":true,"href":"http:\/\/web-zac.com\/index.php?rest_route=%2Fwp%2Fv2%2Ftags&post=16375"}],"curies":[{"name":"wp","href":"https:\/\/api.w.org\/{rel}","templated":true}]}}