{"id":16369,"date":"2023-10-22T23:22:18","date_gmt":"2023-10-23T04:22:18","guid":{"rendered":"http:\/\/web-zac.com\/?p=16369"},"modified":"2023-10-22T23:22:32","modified_gmt":"2023-10-23T04:22:32","slug":"por-gestiones-del-gobernador-david-monreal-avila-zacatecas-se-incorpora-al-programa-sembrando-vida-iniciara-con-1-mil-600-productores","status":"publish","type":"post","link":"http:\/\/web-zac.com\/?p=16369","title":{"rendered":"Por gestiones del Gobernador David Monreal \u00c1vila, Zacatecas se incorpora al programa Sembrando Vida; iniciar\u00e1 con 1 mil 600 productores"},"content":{"rendered":"\n<figure class=\"wp-block-image\"><img loading=\"lazy\" decoding=\"async\" width=\"1024\" height=\"615\" src=\"http:\/\/web-zac.com\/wp-content\/uploads\/2023\/10\/IMG-20231022-WA0100-1024x615.jpg\" alt=\"\" class=\"wp-image-16368\" srcset=\"http:\/\/web-zac.com\/wp-content\/uploads\/2023\/10\/IMG-20231022-WA0100-1024x615.jpg 1024w, http:\/\/web-zac.com\/wp-content\/uploads\/2023\/10\/IMG-20231022-WA0100-300x180.jpg 300w, http:\/\/web-zac.com\/wp-content\/uploads\/2023\/10\/IMG-20231022-WA0100-768x461.jpg 768w, http:\/\/web-zac.com\/wp-content\/uploads\/2023\/10\/IMG-20231022-WA0100-1200x721.jpg 1200w, http:\/\/web-zac.com\/wp-content\/uploads\/2023\/10\/IMG-20231022-WA0100.jpg 1280w\" sizes=\"auto, (max-width: 1024px) 100vw, 1024px\" \/><\/figure>\n\n\n\n<p><br> <br>\u25fc El mandatario y el Subsecretario de Inclusi\u00f3n Productiva y Desarrollo Rural de la Secretar\u00eda del Bienestar, Hugo Ra\u00fal Paul\u00edn Hern\u00e1ndez, formalizaron el acuerdo<br>\u25fc Las y los beneficiarios ser\u00e1n de Sombrerete, Juan Aldama, Valpara\u00edso, Miguel Auza, Chalchihuites, Jim\u00e9nez de Teul y Sain Alto<br>\u25fc Monreal \u00c1vila reconoci\u00f3 la visi\u00f3n progresista del Presidente Andr\u00e9s Manuel L\u00f3pez Obrador porque con este programa se hace justicia social a quienes m\u00e1s lo necesitan<br> <br>Zacatecas, Zac., 22 de octubre de 2023.- Derivado del compromiso del Presidente Andr\u00e9s Manuel L\u00f3pez Obrador con este estado y de la gesti\u00f3n del Gobernador David Monreal \u00c1vila, Zacatecas se ha integrado al programa federal Sembrando Vida, lo que permitir\u00e1 que productores y productoras de pueblos originarios, mujeres y j\u00f3venes, puedan lograr la autosuficiencia alimentaria.<br> <br>El mandatario zacatecano y el Subsecretario de Inclusi\u00f3n Productiva y Desarrollo Rural de la Secretar\u00eda del Bienestar, Hugo Ra\u00fal Paul\u00edn Hern\u00e1ndez, formalizaron el acuerdo para la incorporaci\u00f3n al programa de 1 mil 600 hombres o mujeres sembradores de los municipios de Sombrerete, Juan Aldama, Valpara\u00edso, Miguel Auza, Chalchihuites, Jim\u00e9nez de Teul y Sain Alto.<br> <br>Al respecto, el Gobernador destac\u00f3 lo virtuoso del programa, cuyas caracter\u00edsticas adem\u00e1s est\u00e1n encaminadas al reordenamiento y el equilibrio con la naturaleza, de modo que, dijo, es de suma importancia ante los inevitables estragos del cambio clim\u00e1tico y la sequ\u00eda que afect\u00f3 a Zacatecas y al pa\u00eds.<br> <br>Reconoci\u00f3 por tanto la visi\u00f3n progresista del Presidente L\u00f3pez Obrador de llevar a cabo en 27 estados del pa\u00eds y ahora en Zacatecas, este programa que hace justicia social a quienes m\u00e1s lo necesitan.<br> <br>Asimismo, enfatiz\u00f3 que Sembrando Vida ya da resultados y tiene \u00e9xito en muchas otras partes del pa\u00eds, por lo que la incorporaci\u00f3n de Zacatecas es fundamental ya que se vive un a\u00f1o complejo en materia del campo y ello demanda el bien actuar.<br> <br>El Gobernador pidi\u00f3 en ese sentido al Secretario del Campo, Jes\u00fas Padilla, que se trabaje muy de la mano con las y los beneficiarios para definir bien la orientaci\u00f3n de lo que se quiere y se necesita sembrar. \u201cEn Zacatecas no le vamos a regatear al acompa\u00f1amiento\u201d.<br> <br>Tambi\u00e9n, agradeci\u00f3 al Subsecretario Hugo Ra\u00fal Paul\u00edn porque, como responsable nacional del programa, apoy\u00f3 para la incorporaci\u00f3n de Zacatecas en esta etapa.<br> <br>Por su parte, el funcionario federal, dijo que se da cumplimiento a la instrucci\u00f3n del Presidente de incorporar a pueblos originarios de Zacatecas y otros beneficiarios, como parte de un plan de justicia social. De modo que los apoyos de los 1 mil 600 sembradores y sembradoras se realizar\u00e1n de manera progresiva.<br> <br>Cabe se\u00f1alar que el programa ya se hab\u00eda presentado ante autoridades locales y asambleas ejidales o comunitarias; acto seguido, se hizo el levantamiento de informaci\u00f3n y la captura del prerregistro.<br> <br>El Programa Sembrando Vida del Gobierno de M\u00e9xico busca atender las problem\u00e1ticas de degradaci\u00f3n ambiental y la pobreza rural, al apoyar a productores de localidades catalogadas con rezago social, de modo que sus objetivos son rescatar al campo, reactivar la econom\u00eda local y la regeneraci\u00f3n del tejido social en las comunidades.<br> <br>Lo anterior, mediante el impulso de un Sistema Agroforestal de cultivo intercalado, que tiene como prop\u00f3sito, la producci\u00f3n de ma\u00edz y frijol como elementos estrat\u00e9gicos para la seguridad alimentaria de las familias rurales, as\u00ed como incrementar el contenido de materia org\u00e1nica y controlar la erosi\u00f3n h\u00eddrica del suelo.<br> <br>A este encuentro tambi\u00e9n acompa\u00f1\u00f3 al Gobernador, el Secretario del Campo, Jes\u00fas Padilla Estrada.<br> <br>\u2014ooOoo\u2014<\/p>\n","protected":false},"excerpt":{"rendered":"<p>\u25fc El mandatario y el Subsecretario de Inclusi\u00f3n Productiva y Desarrollo Rural de la Secretar\u00eda del Bienestar, Hugo Ra\u00fal Paul\u00edn Hern\u00e1ndez, formalizaron el acuerdo\u25fc Las y los beneficiarios ser\u00e1n de Sombrerete, Juan Aldama, Valpara\u00edso, Miguel Auza, Chalchihuites, Jim\u00e9nez de Teul y Sain Alto\u25fc Monreal \u00c1vila reconoci\u00f3 la visi\u00f3n progresista del Presidente Andr\u00e9s Manuel L\u00f3pez Obrador [&hellip;]<\/p>\n","protected":false},"author":3,"featured_media":16368,"comment_status":"open","ping_status":"open","sticky":false,"template":"","format":"standard","meta":{"footnotes":""},"categories":[4,22],"tags":[],"class_list":["post-16369","post","type-post","status-publish","format-standard","has-post-thumbnail","hentry","category-webgobierno","category-gobierno"],"jetpack_featured_media_url":"http:\/\/web-zac.com\/wp-content\/uploads\/2023\/10\/IMG-20231022-WA0100.jpg","_links":{"self":[{"href":"http:\/\/web-zac.com\/index.php?rest_route=\/wp\/v2\/posts\/16369","targetHints":{"allow":["GET"]}}],"collection":[{"href":"http:\/\/web-zac.com\/index.php?rest_route=\/wp\/v2\/posts"}],"about":[{"href":"http:\/\/web-zac.com\/index.php?rest_route=\/wp\/v2\/types\/post"}],"author":[{"embeddable":true,"href":"http:\/\/web-zac.com\/index.php?rest_route=\/wp\/v2\/users\/3"}],"replies":[{"embeddable":true,"href":"http:\/\/web-zac.com\/index.php?rest_route=%2Fwp%2Fv2%2Fcomments&post=16369"}],"version-history":[{"count":1,"href":"http:\/\/web-zac.com\/index.php?rest_route=\/wp\/v2\/posts\/16369\/revisions"}],"predecessor-version":[{"id":16370,"href":"http:\/\/web-zac.com\/index.php?rest_route=\/wp\/v2\/posts\/16369\/revisions\/16370"}],"wp:featuredmedia":[{"embeddable":true,"href":"http:\/\/web-zac.com\/index.php?rest_route=\/wp\/v2\/media\/16368"}],"wp:attachment":[{"href":"http:\/\/web-zac.com\/index.php?rest_route=%2Fwp%2Fv2%2Fmedia&parent=16369"}],"wp:term":[{"taxonomy":"category","embeddable":true,"href":"http:\/\/web-zac.com\/index.php?rest_route=%2Fwp%2Fv2%2Fcategories&post=16369"},{"taxonomy":"post_tag","embeddable":true,"href":"http:\/\/web-zac.com\/index.php?rest_route=%2Fwp%2Fv2%2Ftags&post=16369"}],"curies":[{"name":"wp","href":"https:\/\/api.w.org\/{rel}","templated":true}]}}