{"id":16183,"date":"2023-10-09T17:46:27","date_gmt":"2023-10-09T22:46:27","guid":{"rendered":"http:\/\/web-zac.com\/?p=16183"},"modified":"2023-10-09T17:46:37","modified_gmt":"2023-10-09T22:46:37","slug":"bennelly-hernandez-presentara-punto-de-acuerdo-para-la-declaratoria-de-emergencia","status":"publish","type":"post","link":"http:\/\/web-zac.com\/?p=16183","title":{"rendered":"Bennelly Hern\u00e1ndez presentar\u00e1 punto de acuerdo para la declaratoria de emergencia"},"content":{"rendered":"\n<figure class=\"wp-block-image\"><img loading=\"lazy\" decoding=\"async\" width=\"1024\" height=\"577\" src=\"http:\/\/web-zac.com\/wp-content\/uploads\/2023\/10\/IMG-20231008-WA0160-1024x577.jpg\" alt=\"\" class=\"wp-image-16182\" srcset=\"http:\/\/web-zac.com\/wp-content\/uploads\/2023\/10\/IMG-20231008-WA0160-1024x577.jpg 1024w, http:\/\/web-zac.com\/wp-content\/uploads\/2023\/10\/IMG-20231008-WA0160-300x169.jpg 300w, http:\/\/web-zac.com\/wp-content\/uploads\/2023\/10\/IMG-20231008-WA0160-768x433.jpg 768w, http:\/\/web-zac.com\/wp-content\/uploads\/2023\/10\/IMG-20231008-WA0160-1536x866.jpg 1536w, http:\/\/web-zac.com\/wp-content\/uploads\/2023\/10\/IMG-20231008-WA0160-1200x677.jpg 1200w, http:\/\/web-zac.com\/wp-content\/uploads\/2023\/10\/IMG-20231008-WA0160.jpg 1600w\" sizes=\"auto, (max-width: 1024px) 100vw, 1024px\" \/><\/figure>\n\n\n\n<p><br><br>Fresnillo, Zac.- En Conferencia de prensa, la Diputada Federal, Bennelly Hern\u00e1ndez Ruedas, inform\u00f3 que presentar\u00e1 en el Pleno de la C\u00e1mara de Diputados, un punto de acuerdo de urgente resoluci\u00f3n, para exhortar a la Secretar\u00eda de Gobernaci\u00f3n (Segob), la declaratoria de emergencia para el campo zacatecano. <br><br>En el punto de acuerdo se har\u00e1 el exhorto al Sistema Nacional de Protecci\u00f3n Civil, para que realice la declaratoria de emergencia en este momento complicado para el campo zacatecano ; as\u00ed como a la Secretar\u00eda de Agricultura y Desarrollo Rural (Sader), para que se brinde apoyos a los productores agr\u00edcolas y pecuarios. <br><br>\u00abDesde hace dos meses trabajo en coordinaci\u00f3n con la Secretar\u00eda del Campo (Secampo) y la Secretar\u00eda del Gobierno, para coadyuvar en la atenci\u00f3n de la problem\u00e1tica y de qu\u00e9 forma apoyar a este sector tan importante\u00bb. <br><br>Anticip\u00f3 que el punto de acuerdo estar\u00e1 respaldado por otras legisdoras y legisladores de diversas bancadas, para lograr que sea pronta resoluci\u00f3n. <br><br>En otro orden de ideas, esclareci\u00f3 la informaci\u00f3n sobre su inter\u00e9s para buscar la modificaci\u00f3n del Presupuesto de Egresos (PEF) 2024, en lo particular; a fin de lograr la distribuci\u00f3n de m\u00e1s recursos, en atenci\u00f3n a sectores importantes como c\u00f3mo el campo, la infraestructura carretera, la educaci\u00f3n, la salud, entre otros; sin embargo, la propuesta del proyecto presentado por el ejecutivo federal, ser\u00e1 votada a favor, en lo general.<br><br>Entre los temas prioritarios, se busca la federalizaci\u00f3n de la n\u00f3mina educativa, lo que dar\u00eda certeza econ\u00f3mica para el pago de los maestro; en el sector de obras p\u00fablicas, recursos a proyectos aprobados como la aplicaci\u00f3n de la carretera Aguascalientes &#8211; Zacatecas.<br><br>En este sentido, Hern\u00e1ndez Ruedas manifest\u00f3 que siempre se ha regido y  disciplinado con los principios de la 4T; adem\u00e1s de enfatizar que durante sus recorridos por el territorio zacatecano, va promoviendo el mensaje por la Transformaci\u00f3n y el trabajo que ahora estar\u00e1 encabezando la Dra. Claudia Sheibaum Pardo, con qui\u00e9n ya ha sostenido reuniones desde la fracci\u00f3n parlamentaria.<\/p>\n","protected":false},"excerpt":{"rendered":"<p>Fresnillo, Zac.- En Conferencia de prensa, la Diputada Federal, Bennelly Hern\u00e1ndez Ruedas, inform\u00f3 que presentar\u00e1 en el Pleno de la C\u00e1mara de Diputados, un punto de acuerdo de urgente resoluci\u00f3n, para exhortar a la Secretar\u00eda de Gobernaci\u00f3n (Segob), la declaratoria de emergencia para el campo zacatecano. En el punto de acuerdo se har\u00e1 el exhorto [&hellip;]<\/p>\n","protected":false},"author":3,"featured_media":16182,"comment_status":"open","ping_status":"open","sticky":false,"template":"","format":"standard","meta":{"footnotes":""},"categories":[3],"tags":[],"class_list":["post-16183","post","type-post","status-publish","format-standard","has-post-thumbnail","hentry","category-webpolitica"],"jetpack_featured_media_url":"http:\/\/web-zac.com\/wp-content\/uploads\/2023\/10\/IMG-20231008-WA0160.jpg","_links":{"self":[{"href":"http:\/\/web-zac.com\/index.php?rest_route=\/wp\/v2\/posts\/16183","targetHints":{"allow":["GET"]}}],"collection":[{"href":"http:\/\/web-zac.com\/index.php?rest_route=\/wp\/v2\/posts"}],"about":[{"href":"http:\/\/web-zac.com\/index.php?rest_route=\/wp\/v2\/types\/post"}],"author":[{"embeddable":true,"href":"http:\/\/web-zac.com\/index.php?rest_route=\/wp\/v2\/users\/3"}],"replies":[{"embeddable":true,"href":"http:\/\/web-zac.com\/index.php?rest_route=%2Fwp%2Fv2%2Fcomments&post=16183"}],"version-history":[{"count":1,"href":"http:\/\/web-zac.com\/index.php?rest_route=\/wp\/v2\/posts\/16183\/revisions"}],"predecessor-version":[{"id":16184,"href":"http:\/\/web-zac.com\/index.php?rest_route=\/wp\/v2\/posts\/16183\/revisions\/16184"}],"wp:featuredmedia":[{"embeddable":true,"href":"http:\/\/web-zac.com\/index.php?rest_route=\/wp\/v2\/media\/16182"}],"wp:attachment":[{"href":"http:\/\/web-zac.com\/index.php?rest_route=%2Fwp%2Fv2%2Fmedia&parent=16183"}],"wp:term":[{"taxonomy":"category","embeddable":true,"href":"http:\/\/web-zac.com\/index.php?rest_route=%2Fwp%2Fv2%2Fcategories&post=16183"},{"taxonomy":"post_tag","embeddable":true,"href":"http:\/\/web-zac.com\/index.php?rest_route=%2Fwp%2Fv2%2Ftags&post=16183"}],"curies":[{"name":"wp","href":"https:\/\/api.w.org\/{rel}","templated":true}]}}