{"id":16180,"date":"2023-10-09T17:45:05","date_gmt":"2023-10-09T22:45:05","guid":{"rendered":"http:\/\/web-zac.com\/?p=16180"},"modified":"2023-10-09T17:45:15","modified_gmt":"2023-10-09T22:45:15","slug":"preparan-actividades-para-concientizar-sobre-cancer-de-mama","status":"publish","type":"post","link":"http:\/\/web-zac.com\/?p=16180","title":{"rendered":"PREPARAN ACTIVIDADES PARA CONCIENTIZAR SOBRE C\u00c1NCER DE MAMA"},"content":{"rendered":"\n<figure class=\"wp-block-image\"><img loading=\"lazy\" decoding=\"async\" width=\"1024\" height=\"682\" src=\"http:\/\/web-zac.com\/wp-content\/uploads\/2023\/10\/IMG-20231009-WA0067-1024x682.jpg\" alt=\"\" class=\"wp-image-16179\" srcset=\"http:\/\/web-zac.com\/wp-content\/uploads\/2023\/10\/IMG-20231009-WA0067-1024x682.jpg 1024w, http:\/\/web-zac.com\/wp-content\/uploads\/2023\/10\/IMG-20231009-WA0067-300x200.jpg 300w, http:\/\/web-zac.com\/wp-content\/uploads\/2023\/10\/IMG-20231009-WA0067-768x512.jpg 768w, http:\/\/web-zac.com\/wp-content\/uploads\/2023\/10\/IMG-20231009-WA0067-1200x800.jpg 1200w, http:\/\/web-zac.com\/wp-content\/uploads\/2023\/10\/IMG-20231009-WA0067.jpg 1280w\" sizes=\"auto, (max-width: 1024px) 100vw, 1024px\" \/><\/figure>\n\n\n\n<p>\n<br>\n<br>\n<br>Fresnillo, Zac.- En el marco de la celebraci\u00f3n del D\u00eda Mundial de la Lucha Contra el C\u00e1ncer de Mama, el Ayuntamiento de Fresnillo tendr\u00e1 una serie de actividades para concientizar respecto a este padecimiento que hoy constituye la principal causa de muerte en mujeres. \n<br>Mart\u00edn \u00c1lvarez Casio, secretario del Ayuntamiento, reconoci\u00f3 que es de vital importancia que las mujeres conozcan los factores de riesgo sobre esta enfermedad. Adem\u00e1s, que frecuentemente realicen su autoexploraci\u00f3n y, en caso de cualquier anomal\u00eda, acudan al m\u00e9dico para una pronta detecci\u00f3n y tratamiento oportuno. \n<br>El funcionario record\u00f3 que cada a\u00f1o el Ayuntamiento emprende una campa\u00f1a de prevenci\u00f3n que se fortalece con el trabajo diario y las diversas jornadas de mastograf\u00edas en comunidades. \n<br>Ang\u00e9lica Alicia Carlos Carrillo, directora del Instituto Municipal para las Mujeres de Fresnillo (Inmufre), detall\u00f3 que las actividades inician el lunes 16 de octubre con la iluminaci\u00f3n de color rosa del Centro Hist\u00f3rico de la ciudad de Fresnillo.\n<br>El martes 17 de octubre se realizar\u00e1 la conferencia virtual \u201cRelaci\u00f3n entre las emociones y el c\u00e1ncer\u201d, impartida por Mario Alberto Garc\u00eda Camacho y Temis Wendy Due\u00f1as Mota. Se transmitir\u00e1 a las 11 de la ma\u00f1ana a trav\u00e9s de la p\u00e1gina Inmufre Fresnillo.\n<br>El mi\u00e9rcoles 18 se instalar\u00e1 un m\u00f3dulo de informaci\u00f3n para la prevenci\u00f3n del c\u00e1ncer de mama en la comunidad El Epazote; mientras que el jueves 19 se entregar\u00e1n tr\u00edpticos informativos en el Centro de Desarrollo Comunitario de Plateros. \n<br>En Estaci\u00f3n San Jos\u00e9, el viernes 20, se involucrar\u00e1 a las mujeres en una pl\u00e1tica de sensibilizaci\u00f3n para la prevenci\u00f3n del c\u00e1ncer de mama, a cargo de la Lic. M\u00f3nica Mart\u00ednez Garc\u00eda. Tambi\u00e9n se entregar\u00e1 tr\u00edpticos informativos de prevenci\u00f3n del c\u00e1ncer de mama.\n<br><\/p>\n","protected":false},"excerpt":{"rendered":"<p>Fresnillo, Zac.- En el marco de la celebraci\u00f3n del D\u00eda Mundial de la Lucha Contra el C\u00e1ncer de Mama, el Ayuntamiento de Fresnillo tendr\u00e1 una serie de actividades para concientizar respecto a este padecimiento que hoy constituye la principal causa de muerte en mujeres. Mart\u00edn \u00c1lvarez Casio, secretario del Ayuntamiento, reconoci\u00f3 que es de vital [&hellip;]<\/p>\n","protected":false},"author":3,"featured_media":16179,"comment_status":"open","ping_status":"open","sticky":false,"template":"","format":"standard","meta":{"footnotes":""},"categories":[19,6],"tags":[],"class_list":["post-16180","post","type-post","status-publish","format-standard","has-post-thumbnail","hentry","category-fresnillo","category-webmunicipios"],"jetpack_featured_media_url":"http:\/\/web-zac.com\/wp-content\/uploads\/2023\/10\/IMG-20231009-WA0067.jpg","_links":{"self":[{"href":"http:\/\/web-zac.com\/index.php?rest_route=\/wp\/v2\/posts\/16180","targetHints":{"allow":["GET"]}}],"collection":[{"href":"http:\/\/web-zac.com\/index.php?rest_route=\/wp\/v2\/posts"}],"about":[{"href":"http:\/\/web-zac.com\/index.php?rest_route=\/wp\/v2\/types\/post"}],"author":[{"embeddable":true,"href":"http:\/\/web-zac.com\/index.php?rest_route=\/wp\/v2\/users\/3"}],"replies":[{"embeddable":true,"href":"http:\/\/web-zac.com\/index.php?rest_route=%2Fwp%2Fv2%2Fcomments&post=16180"}],"version-history":[{"count":1,"href":"http:\/\/web-zac.com\/index.php?rest_route=\/wp\/v2\/posts\/16180\/revisions"}],"predecessor-version":[{"id":16181,"href":"http:\/\/web-zac.com\/index.php?rest_route=\/wp\/v2\/posts\/16180\/revisions\/16181"}],"wp:featuredmedia":[{"embeddable":true,"href":"http:\/\/web-zac.com\/index.php?rest_route=\/wp\/v2\/media\/16179"}],"wp:attachment":[{"href":"http:\/\/web-zac.com\/index.php?rest_route=%2Fwp%2Fv2%2Fmedia&parent=16180"}],"wp:term":[{"taxonomy":"category","embeddable":true,"href":"http:\/\/web-zac.com\/index.php?rest_route=%2Fwp%2Fv2%2Fcategories&post=16180"},{"taxonomy":"post_tag","embeddable":true,"href":"http:\/\/web-zac.com\/index.php?rest_route=%2Fwp%2Fv2%2Ftags&post=16180"}],"curies":[{"name":"wp","href":"https:\/\/api.w.org\/{rel}","templated":true}]}}