{"id":16177,"date":"2023-10-09T17:43:15","date_gmt":"2023-10-09T22:43:15","guid":{"rendered":"http:\/\/web-zac.com\/?p=16177"},"modified":"2023-10-09T17:43:25","modified_gmt":"2023-10-09T22:43:25","slug":"supervisa-presidente-de-fresnilloconstruccion-de-centro-de-control-canino","status":"publish","type":"post","link":"http:\/\/web-zac.com\/?p=16177","title":{"rendered":"SUPERVISA PRESIDENTE DE FRESNILLO\n<br>CONSTRUCCI\u00d3N DE CENTRO DE CONTROL CANINO"},"content":{"rendered":"\n<figure class=\"wp-block-image\"><img loading=\"lazy\" decoding=\"async\" width=\"1024\" height=\"682\" src=\"http:\/\/web-zac.com\/wp-content\/uploads\/2023\/10\/IMG-20231009-WA0153-1024x682.jpg\" alt=\"\" class=\"wp-image-16176\" srcset=\"http:\/\/web-zac.com\/wp-content\/uploads\/2023\/10\/IMG-20231009-WA0153-1024x682.jpg 1024w, http:\/\/web-zac.com\/wp-content\/uploads\/2023\/10\/IMG-20231009-WA0153-300x200.jpg 300w, http:\/\/web-zac.com\/wp-content\/uploads\/2023\/10\/IMG-20231009-WA0153-768x512.jpg 768w, http:\/\/web-zac.com\/wp-content\/uploads\/2023\/10\/IMG-20231009-WA0153-1200x800.jpg 1200w, http:\/\/web-zac.com\/wp-content\/uploads\/2023\/10\/IMG-20231009-WA0153.jpg 1280w\" sizes=\"auto, (max-width: 1024px) 100vw, 1024px\" \/><\/figure>\n\n\n\n<p>\n<br>\n<br>\u2022\tEl Ayuntamiento colabora con la Jurisdicci\u00f3n Sanitaria para atender a la poblaci\u00f3n canina y felina de la calle.\n<br>\n<br>\n<br>Fresnillo, Zac.- Sa\u00fal Monreal \u00c1vila, presidente de Fresnillo, en compa\u00f1\u00eda de Mar\u00eda Isabel Valle Lozano y Rosa Mar\u00eda Cerda Luna, coordinadora especializada y coordinadora de Epidemiolog\u00eda de la Jurisdicci\u00f3n 03, respectivamente, supervisaron los avances de construcci\u00f3n del Centro de Control Canino y Felino.\n<br>Este proyecto es uno de los m\u00e1s importantes de la administraci\u00f3n actual. Con \u00e9l se busca dar soluci\u00f3n a la sobrepoblaci\u00f3n de perros y gatos en Fresnillo. Seg\u00fan cifras de la Jurisdicci\u00f3n Sanitaria, se estima que en el municipio hay cerca de 6 mil animales que habitan en la calle. \n<br>Sa\u00fal Monreal \u00c1vila detall\u00f3 que actualmente se trabaja con la tercera etapa de construcci\u00f3n, en la que se instalar\u00e1n 60 jaulas para dar atenci\u00f3n a perros y gatos. Agreg\u00f3 que ya se concluy\u00f3 la instalaci\u00f3n de quir\u00f3fanos y el espacio para \u00e1rea administrativa: con ello se busca iniciar la atenci\u00f3n en pr\u00f3ximas semanas.\n<br>En coordinaci\u00f3n con la Jurisdicci\u00f3n, se busca ofrecer atenci\u00f3n a la brevedad para que las pr\u00f3ximas jornadas de vacunaci\u00f3n antirr\u00e1bica y esterilizaciones se realicen en este espacio, el cual se lleva a cabo con una inversi\u00f3n total de 10 millones de pesos del municipio.  \n<br>Rosa Mar\u00eda Cerda Luna precis\u00f3 que adem\u00e1s se busca concientizar a la poblaci\u00f3n para reducir las cifras de abandono, ofrecer atenci\u00f3n a los animales y lograr una adopci\u00f3n responsable, a fin de que este espacio pueda atender a quienes lo necesitan sin superar la capacidad instalada, tanto en equipo como personal a cargo.\n<br><\/p>\n","protected":false},"excerpt":{"rendered":"<p>\u2022 El Ayuntamiento colabora con la Jurisdicci\u00f3n Sanitaria para atender a la poblaci\u00f3n canina y felina de la calle. Fresnillo, Zac.- Sa\u00fal Monreal \u00c1vila, presidente de Fresnillo, en compa\u00f1\u00eda de Mar\u00eda Isabel Valle Lozano y Rosa Mar\u00eda Cerda Luna, coordinadora especializada y coordinadora de Epidemiolog\u00eda de la Jurisdicci\u00f3n 03, respectivamente, supervisaron los avances de construcci\u00f3n [&hellip;]<\/p>\n","protected":false},"author":3,"featured_media":16176,"comment_status":"open","ping_status":"open","sticky":false,"template":"","format":"standard","meta":{"footnotes":""},"categories":[19,6],"tags":[],"class_list":["post-16177","post","type-post","status-publish","format-standard","has-post-thumbnail","hentry","category-fresnillo","category-webmunicipios"],"jetpack_featured_media_url":"http:\/\/web-zac.com\/wp-content\/uploads\/2023\/10\/IMG-20231009-WA0153.jpg","_links":{"self":[{"href":"http:\/\/web-zac.com\/index.php?rest_route=\/wp\/v2\/posts\/16177","targetHints":{"allow":["GET"]}}],"collection":[{"href":"http:\/\/web-zac.com\/index.php?rest_route=\/wp\/v2\/posts"}],"about":[{"href":"http:\/\/web-zac.com\/index.php?rest_route=\/wp\/v2\/types\/post"}],"author":[{"embeddable":true,"href":"http:\/\/web-zac.com\/index.php?rest_route=\/wp\/v2\/users\/3"}],"replies":[{"embeddable":true,"href":"http:\/\/web-zac.com\/index.php?rest_route=%2Fwp%2Fv2%2Fcomments&post=16177"}],"version-history":[{"count":1,"href":"http:\/\/web-zac.com\/index.php?rest_route=\/wp\/v2\/posts\/16177\/revisions"}],"predecessor-version":[{"id":16178,"href":"http:\/\/web-zac.com\/index.php?rest_route=\/wp\/v2\/posts\/16177\/revisions\/16178"}],"wp:featuredmedia":[{"embeddable":true,"href":"http:\/\/web-zac.com\/index.php?rest_route=\/wp\/v2\/media\/16176"}],"wp:attachment":[{"href":"http:\/\/web-zac.com\/index.php?rest_route=%2Fwp%2Fv2%2Fmedia&parent=16177"}],"wp:term":[{"taxonomy":"category","embeddable":true,"href":"http:\/\/web-zac.com\/index.php?rest_route=%2Fwp%2Fv2%2Fcategories&post=16177"},{"taxonomy":"post_tag","embeddable":true,"href":"http:\/\/web-zac.com\/index.php?rest_route=%2Fwp%2Fv2%2Ftags&post=16177"}],"curies":[{"name":"wp","href":"https:\/\/api.w.org\/{rel}","templated":true}]}}