{"id":16174,"date":"2023-10-09T17:37:43","date_gmt":"2023-10-09T22:37:43","guid":{"rendered":"http:\/\/web-zac.com\/?p=16174"},"modified":"2023-10-09T17:38:01","modified_gmt":"2023-10-09T22:38:01","slug":"realizan-en-la-capital-la-30-reunion-binacional-probem-mexico-estados-unidos-2023","status":"publish","type":"post","link":"http:\/\/web-zac.com\/?p=16174","title":{"rendered":"REALIZAN EN LA CAPITAL LA 30 REUNI\u00d3N BINACIONAL PROBEM M\u00c9XICO-ESTADOS UNIDOS 2023"},"content":{"rendered":"\n<figure class=\"wp-block-image\"><img loading=\"lazy\" decoding=\"async\" width=\"1024\" height=\"684\" src=\"http:\/\/web-zac.com\/wp-content\/uploads\/2023\/10\/IMG-20231009-WA0147-1024x684.jpg\" alt=\"\" class=\"wp-image-16173\" srcset=\"http:\/\/web-zac.com\/wp-content\/uploads\/2023\/10\/IMG-20231009-WA0147-1024x684.jpg 1024w, http:\/\/web-zac.com\/wp-content\/uploads\/2023\/10\/IMG-20231009-WA0147-300x200.jpg 300w, http:\/\/web-zac.com\/wp-content\/uploads\/2023\/10\/IMG-20231009-WA0147-768x513.jpg 768w, http:\/\/web-zac.com\/wp-content\/uploads\/2023\/10\/IMG-20231009-WA0147.jpg 1080w\" sizes=\"auto, (max-width: 1024px) 100vw, 1024px\" \/><\/figure>\n\n\n\n<p>\n<br>\n<br>\u2022\tDurante la sesi\u00f3n se analizar\u00e1n los resultados obtenidos a trav\u00e9s del trabajo de 56 docentes que trabajan en los estados de Utah, Oreg\u00f3n, Colorado, Nebraska, Wisconsin, Florida y California.\n<br>\n<br>Zacatecas, Zac. El alcalde de la Capital, Jorge Miranda Castro, se sum\u00f3 a la XXX Reuni\u00f3n Binacional PROBEM 2023 M\u00e9xico-Estados Unidos para el proceso de evaluaci\u00f3n del programa de Intercambio de Maestros. \n<br>\n<br>A trav\u00e9s de la reuni\u00f3n, se busca profundizar desde la educaci\u00f3n en las necesidades formativas de los connacionales y dar soluci\u00f3n a cada una de ellas por medio de pol\u00edticas p\u00fablicas. \n<br>\n<br>Durante el encuentro se dio a conocer que a partir de 2017 a la fecha han participado 56 docentes en siete estados: Utah, Oreg\u00f3n, Colorado, Nebraska, Wisconsin, Florida y California. \n<br>\n<br>Los maestros se encargan de contribuir a la mejora de la educaci\u00f3n de ni\u00f1as, ni\u00f1os, j\u00f3venes y adultos migrantes que radican en la Uni\u00f3n Americana con intercambio de trabajo docente, experiencias acad\u00e9micas, sociales y culturales.\n<br>\n<br>El Dr. Jorge Miranda Castro coment\u00f3 que \u201cla ciudad m\u00e1s grande de zacatecanos en el mundo no est\u00e1 en territorio nacional, est\u00e1 en la Uni\u00f3n Americana, en los \u00c1ngeles California\u201d. \n<br>\n<br>Refiri\u00f3 que desde la Capital de la Transformaci\u00f3n sumar\u00e1n esfuerzos para mejorar los apoyos brindados a la comunidad migrante, la cual trabaja para beneficiar a las y los zacatecanos. \n<br>\n<br>Maribel Villalpando Haro, secretaria de Educaci\u00f3n de Zacatecas, mencion\u00f3 que Zacatecas ha moldeado su vocaci\u00f3n y arraigo migrante, que es parte de la cultura local. \n<br>\n<br>Por su parte, Luc\u00eda Valdivia, directora del programa interestatal de Educaci\u00f3n Migrante en el estado de Florida, mencion\u00f3 que en 30 a\u00f1os los maestros han compartido sus experiencias profesionales y pr\u00e1cticas pedag\u00f3gicas, beneficiando a menores migrantes. \n<br>\n<br>Destac\u00f3 que el PROBEM es el programa con mayor impacto de la Secretar\u00eda de Relaciones Exteriores (SRE) a trav\u00e9s del Instituto de los Mexicanos en el Exterior, ya que mejora la calidad de vida quienes se inscriben.\n<br>\n<br>Adem\u00e1s participaron en la reuni\u00f3n Iv\u00e1n Reyes Mill\u00e1n, secretario del Zacatecano Migrante, Martha Hern\u00e1ndez Moreno, subsecretaria de Educaci\u00f3n B\u00e1sica; Luis Guti\u00e9rrez Reyes, titular de los Mexicanos en el Exterior; Santos Antonio Huerta, coordinador de Senadores; Guillermo Robles Toscano, coronel del 52 Batall\u00f3n de Infanter\u00eda del Ej\u00e9rcito Mexicano y Jaime R\u00edos, director de Pol\u00edtica Educativa y Mejores Pr\u00e1cticas.<\/p>\n","protected":false},"excerpt":{"rendered":"<p>\u2022 Durante la sesi\u00f3n se analizar\u00e1n los resultados obtenidos a trav\u00e9s del trabajo de 56 docentes que trabajan en los estados de Utah, Oreg\u00f3n, Colorado, Nebraska, Wisconsin, Florida y California. Zacatecas, Zac. El alcalde de la Capital, Jorge Miranda Castro, se sum\u00f3 a la XXX Reuni\u00f3n Binacional PROBEM 2023 M\u00e9xico-Estados Unidos para el proceso de [&hellip;]<\/p>\n","protected":false},"author":3,"featured_media":16173,"comment_status":"open","ping_status":"open","sticky":false,"template":"","format":"standard","meta":{"footnotes":""},"categories":[6,18],"tags":[],"class_list":["post-16174","post","type-post","status-publish","format-standard","has-post-thumbnail","hentry","category-webmunicipios","category-zacatecas"],"jetpack_featured_media_url":"http:\/\/web-zac.com\/wp-content\/uploads\/2023\/10\/IMG-20231009-WA0147.jpg","_links":{"self":[{"href":"http:\/\/web-zac.com\/index.php?rest_route=\/wp\/v2\/posts\/16174","targetHints":{"allow":["GET"]}}],"collection":[{"href":"http:\/\/web-zac.com\/index.php?rest_route=\/wp\/v2\/posts"}],"about":[{"href":"http:\/\/web-zac.com\/index.php?rest_route=\/wp\/v2\/types\/post"}],"author":[{"embeddable":true,"href":"http:\/\/web-zac.com\/index.php?rest_route=\/wp\/v2\/users\/3"}],"replies":[{"embeddable":true,"href":"http:\/\/web-zac.com\/index.php?rest_route=%2Fwp%2Fv2%2Fcomments&post=16174"}],"version-history":[{"count":1,"href":"http:\/\/web-zac.com\/index.php?rest_route=\/wp\/v2\/posts\/16174\/revisions"}],"predecessor-version":[{"id":16175,"href":"http:\/\/web-zac.com\/index.php?rest_route=\/wp\/v2\/posts\/16174\/revisions\/16175"}],"wp:featuredmedia":[{"embeddable":true,"href":"http:\/\/web-zac.com\/index.php?rest_route=\/wp\/v2\/media\/16173"}],"wp:attachment":[{"href":"http:\/\/web-zac.com\/index.php?rest_route=%2Fwp%2Fv2%2Fmedia&parent=16174"}],"wp:term":[{"taxonomy":"category","embeddable":true,"href":"http:\/\/web-zac.com\/index.php?rest_route=%2Fwp%2Fv2%2Fcategories&post=16174"},{"taxonomy":"post_tag","embeddable":true,"href":"http:\/\/web-zac.com\/index.php?rest_route=%2Fwp%2Fv2%2Ftags&post=16174"}],"curies":[{"name":"wp","href":"https:\/\/api.w.org\/{rel}","templated":true}]}}