{"id":16171,"date":"2023-10-09T17:35:08","date_gmt":"2023-10-09T22:35:08","guid":{"rendered":"http:\/\/web-zac.com\/?p=16171"},"modified":"2023-10-09T17:35:24","modified_gmt":"2023-10-09T22:35:24","slug":"invitan-a-la-poblacion-a-la-octava-edicion-del-festival-del-taco-y-la-gordita","status":"publish","type":"post","link":"http:\/\/web-zac.com\/?p=16171","title":{"rendered":"INVITAN A LA POBLACI\u00d3N A LA OCTAVA EDICI\u00d3N DEL FESTIVAL DEL TACO Y LA GORDITA"},"content":{"rendered":"\n<figure class=\"wp-block-image\"><img loading=\"lazy\" decoding=\"async\" width=\"1024\" height=\"683\" src=\"http:\/\/web-zac.com\/wp-content\/uploads\/2023\/10\/IMG-20231009-WA0145-1024x683.jpg\" alt=\"\" class=\"wp-image-16170\" srcset=\"http:\/\/web-zac.com\/wp-content\/uploads\/2023\/10\/IMG-20231009-WA0145-1024x683.jpg 1024w, http:\/\/web-zac.com\/wp-content\/uploads\/2023\/10\/IMG-20231009-WA0145-300x200.jpg 300w, http:\/\/web-zac.com\/wp-content\/uploads\/2023\/10\/IMG-20231009-WA0145-768x512.jpg 768w, http:\/\/web-zac.com\/wp-content\/uploads\/2023\/10\/IMG-20231009-WA0145.jpg 1080w\" sizes=\"auto, (max-width: 1024px) 100vw, 1024px\" \/><\/figure>\n\n\n\n<p>\n<br>\n<br>\u2022\tLas actividades se llevar\u00e1n a cabo el 14 y 15 de octubre en la Alameda Trinidad Garc\u00eda de la Cadena.\n<br>\n<br>Zacatecas, Zac. El Ayuntamiento de Zacatecas, en coordinaci\u00f3n con la Secretar\u00eda de Desarrollo Econ\u00f3mico y Turismo y la Canirac, present\u00f3 el programa de la octava edici\u00f3n del Festival del Taco y la Gordita. \n<br>\n<br>Las actividades se llevar\u00e1n a cabo este pr\u00f3ximo 14 y 15 de octubre en la Alameda Trinidad Garc\u00eda de la Cadena en un horario de 10:00 de la ma\u00f1ana a 10:00 de la noche, con actividades culturales, art\u00edsticas y gastron\u00f3micas. \n<br>\n<br>Para esta edici\u00f3n se agreg\u00f3 la Feria Carnavalito, la cual tendr\u00e1 actividades como toro mec\u00e1nico, caballetes para pintar, cer\u00e1mica, entre otras, para las ni\u00f1as, ni\u00f1os y j\u00f3venes,\n<br>\n<br>La presidenta de la C\u00e1mara Nacional de la Industria de Restaurantes y Alimentos Condimentados (Canirac), Estela C\u00e1rdenas, dio a conocer que en la octava edici\u00f3n del festival participar\u00e1n m\u00e1s de 40 negocios gastron\u00f3micos. \n<br>\n<br>Coment\u00f3 que el cierre de inscripciones finalizar\u00e1 el pr\u00f3ximo mi\u00e9rcoles, por lo que a\u00fan pueden registrarse para participar y ofertar sus productos. \n<br>\n<br>Adem\u00e1s, para facilitar la llegada al festival, la Uni\u00f3n Ganadera de Zacatecas se sum\u00f3 y brindar\u00e1 estacionamiento gratuito a las familias que acuda, siempre y cuando presenten un ticket de compra de cualquiera de los negocios participantes.\n<br>\n<br>El s\u00e1bado y domingo habr\u00e1 diversas presentaciones musicales y art\u00edsticas a cargo del Coro Infantil \u201cVeremundo Carrillo Trujillo\u201d, el Mariachi \u201cCharros de Zacatecas, as\u00ed como una puesta en escena a cargo de la Ci\u00e9naga Teatro.  \n<br>\n<br>La secretaria de Desarrollo Econ\u00f3mico y Turismo, Laila Villasuso Sabag, explic\u00f3 que para que las actividades se lleven a cabo de forma segura, la Secretar\u00eda de Seguridad P\u00fablica y la Unidad de Protecci\u00f3n Civil y Bomberos de Zacatecas, realizar\u00e1n operativos para verificar que las l\u00edneas de gas operen en \u00f3ptimas condiciones, as\u00ed como vigilancia por parte de las y los elementos que conforman a las corporaciones.\n<br>\n<br>A la coordinaci\u00f3n del Festival del Taco y la Gordita se sumaron Pastor P\u00e9rez, chef profesional, Ulises Arg\u00fcelles, jefe de An\u00e1lisis del Ingreso, Josu\u00e9 Hern\u00e1ndez, jefe de la Administraci\u00f3n del Centro Hist\u00f3rico; as\u00ed como Alfonso Ovalle y Rogelio Casta\u00f1\u00f3n, ganadores del Concurso Internacional de la Paella Valenciana Sueca, adem\u00e1s de \u00c9dgar Victoria, subsecretario de Seguridad P\u00fablica.<\/p>\n","protected":false},"excerpt":{"rendered":"<p>\u2022 Las actividades se llevar\u00e1n a cabo el 14 y 15 de octubre en la Alameda Trinidad Garc\u00eda de la Cadena. Zacatecas, Zac. El Ayuntamiento de Zacatecas, en coordinaci\u00f3n con la Secretar\u00eda de Desarrollo Econ\u00f3mico y Turismo y la Canirac, present\u00f3 el programa de la octava edici\u00f3n del Festival del Taco y la Gordita. Las [&hellip;]<\/p>\n","protected":false},"author":3,"featured_media":16170,"comment_status":"open","ping_status":"open","sticky":false,"template":"","format":"standard","meta":{"footnotes":""},"categories":[6,18],"tags":[],"class_list":["post-16171","post","type-post","status-publish","format-standard","has-post-thumbnail","hentry","category-webmunicipios","category-zacatecas"],"jetpack_featured_media_url":"http:\/\/web-zac.com\/wp-content\/uploads\/2023\/10\/IMG-20231009-WA0145.jpg","_links":{"self":[{"href":"http:\/\/web-zac.com\/index.php?rest_route=\/wp\/v2\/posts\/16171","targetHints":{"allow":["GET"]}}],"collection":[{"href":"http:\/\/web-zac.com\/index.php?rest_route=\/wp\/v2\/posts"}],"about":[{"href":"http:\/\/web-zac.com\/index.php?rest_route=\/wp\/v2\/types\/post"}],"author":[{"embeddable":true,"href":"http:\/\/web-zac.com\/index.php?rest_route=\/wp\/v2\/users\/3"}],"replies":[{"embeddable":true,"href":"http:\/\/web-zac.com\/index.php?rest_route=%2Fwp%2Fv2%2Fcomments&post=16171"}],"version-history":[{"count":1,"href":"http:\/\/web-zac.com\/index.php?rest_route=\/wp\/v2\/posts\/16171\/revisions"}],"predecessor-version":[{"id":16172,"href":"http:\/\/web-zac.com\/index.php?rest_route=\/wp\/v2\/posts\/16171\/revisions\/16172"}],"wp:featuredmedia":[{"embeddable":true,"href":"http:\/\/web-zac.com\/index.php?rest_route=\/wp\/v2\/media\/16170"}],"wp:attachment":[{"href":"http:\/\/web-zac.com\/index.php?rest_route=%2Fwp%2Fv2%2Fmedia&parent=16171"}],"wp:term":[{"taxonomy":"category","embeddable":true,"href":"http:\/\/web-zac.com\/index.php?rest_route=%2Fwp%2Fv2%2Fcategories&post=16171"},{"taxonomy":"post_tag","embeddable":true,"href":"http:\/\/web-zac.com\/index.php?rest_route=%2Fwp%2Fv2%2Ftags&post=16171"}],"curies":[{"name":"wp","href":"https:\/\/api.w.org\/{rel}","templated":true}]}}