{"id":16168,"date":"2023-10-09T17:32:20","date_gmt":"2023-10-09T22:32:20","guid":{"rendered":"http:\/\/web-zac.com\/?p=16168"},"modified":"2023-10-09T17:32:30","modified_gmt":"2023-10-09T22:32:30","slug":"que-nadie-desista-ni-abandone-el-camino-de-la-justicia-exhorta-el-gobernador-david-monreal-avila","status":"publish","type":"post","link":"http:\/\/web-zac.com\/?p=16168","title":{"rendered":"Que nadie desista ni abandone el camino de la justicia, exhorta el Gobernador David Monreal \u00c1vila"},"content":{"rendered":"\n<figure class=\"wp-block-image\"><img loading=\"lazy\" decoding=\"async\" width=\"1024\" height=\"683\" src=\"http:\/\/web-zac.com\/wp-content\/uploads\/2023\/10\/IMG-20231009-WA0045-1024x683.jpg\" alt=\"\" class=\"wp-image-16167\" srcset=\"http:\/\/web-zac.com\/wp-content\/uploads\/2023\/10\/IMG-20231009-WA0045-1024x683.jpg 1024w, http:\/\/web-zac.com\/wp-content\/uploads\/2023\/10\/IMG-20231009-WA0045-300x200.jpg 300w, http:\/\/web-zac.com\/wp-content\/uploads\/2023\/10\/IMG-20231009-WA0045-768x512.jpg 768w, http:\/\/web-zac.com\/wp-content\/uploads\/2023\/10\/IMG-20231009-WA0045.jpg 1079w\" sizes=\"auto, (max-width: 1024px) 100vw, 1024px\" \/><\/figure>\n\n\n\n<p><br><br>\u25aa\ufe0fSe ha logrado, por primera vez en casi dos d\u00e9cadas, empezar un proceso de reversi\u00f3n de los hechos delictivos, inform\u00f3 durante los Honores a la Bandera <br>\u25aa\ufe0fExpresa que se debe consolidar la justicia como un camino hacia la pacificaci\u00f3n social<br>\u25aa\ufe0fResalta el mandatario los resultados obtenidos por la Fiscal\u00eda General de la Rep\u00fablica, que la colocan en los primeros lugares a nivel nacional en rendimiento, eficacia y eficiencia<br><br>Zacatecas, Zac., 09 de octubre de 2023.- El Gobernador David Monreal \u00c1vila exhort\u00f3 a que nadie abandone el camino de la justicia, porque hoy, m\u00e1s que nunca, deben privar valores, principios y la fortaleza institucional en todas las acciones que lleven a la pacificaci\u00f3n de Zacatecas. <br><br>En la ceremonia de Honores a la Bandera, llevada a cabo en las instalaciones de la Delegaci\u00f3n de la Fiscal\u00eda General de la Rep\u00fablica (FGR), el mandatario inform\u00f3 que se ha logrado bajar el \u00edndice del delito de homicidio, robo a mano armada y en  carretera. Resalt\u00f3 que,  por primera vez en casi dos d\u00e9cadas, hay un proceso de reversi\u00f3n en los hechos delictivos en el estado. <br><br>El Gobernador David Monreal \u00c1vila  dijo que, en los resultados que se han tenido por la pacificaci\u00f3n del estado, se conjugan el trabajo y el esfuerzo para lograr el anhelo de justicia por parte de la Secretar\u00eda de Seguridad P\u00fablica, la Guardia Nacional, el Ej\u00e9rcito Mexicano y las polic\u00edas de investigaci\u00f3n, para que, en la uni\u00f3n de las instituciones, pueda imperar el esp\u00edritu de justicia.<br><br>Asimismo, hizo un reconocimiento a los integrantes de la Delegaci\u00f3n de la Fiscal\u00eda General de la Rep\u00fablica (FGR) en Zacatecas, por el quehacer, el compromiso y el resultado que han dado y que han  llevado a colocarla en los primeros lugares a nivel nacional en rendimiento, eficacia y eficiencia durante los \u00faltimos tres a\u00f1os.<br><br>Cristian Paul Camacho Osnaya, delegado de la FGR, record\u00f3 que el 22 de octubre se celebra el D\u00eda Nacional del Ministerio P\u00fablico, mientras que el pasado 25 de septiembre cumpli\u00f3 su d\u00e9cimo aniversario la Agencia de Investigaci\u00f3n Criminal, \u00f3rgano desconcentrado de la Fiscal\u00eda, por lo que extendi\u00f3 una felicitaci\u00f3n a sus integrantes.<br><br>En el evento estuvieron presentes El\u00edas Ruiz Aldaco, jefe de Estado Mayor de la Decimoprimera Zona Militar; Juan Manr\u00edquez Moreno, coordinador estatal de la Guardia Nacional en Zacatecas; Francisco Jos\u00e9 Murillo Ruiseco, fiscal general de Justicia del Estado; Arturo Medina Mayoral, secretario de Seguridad P\u00fablica; Jes\u00fas Israel Porta Mart\u00ednez, jefe policial de la Polic\u00eda Federal de Investigaci\u00f3n; Francisco Castro S\u00e1nchez, en representaci\u00f3n del Instituto Nacional de Migraci\u00f3n, y Osvaldo Cerrillo Garza, secretario t\u00e9cnico de Seguridad y Protecci\u00f3n Ciudadana.<br><br><\/p>\n","protected":false},"excerpt":{"rendered":"<p>\u25aa\ufe0fSe ha logrado, por primera vez en casi dos d\u00e9cadas, empezar un proceso de reversi\u00f3n de los hechos delictivos, inform\u00f3 durante los Honores a la Bandera \u25aa\ufe0fExpresa que se debe consolidar la justicia como un camino hacia la pacificaci\u00f3n social\u25aa\ufe0fResalta el mandatario los resultados obtenidos por la Fiscal\u00eda General de la Rep\u00fablica, que la colocan [&hellip;]<\/p>\n","protected":false},"author":3,"featured_media":16167,"comment_status":"open","ping_status":"open","sticky":false,"template":"","format":"standard","meta":{"footnotes":""},"categories":[4,22],"tags":[],"class_list":["post-16168","post","type-post","status-publish","format-standard","has-post-thumbnail","hentry","category-webgobierno","category-gobierno"],"jetpack_featured_media_url":"http:\/\/web-zac.com\/wp-content\/uploads\/2023\/10\/IMG-20231009-WA0045.jpg","_links":{"self":[{"href":"http:\/\/web-zac.com\/index.php?rest_route=\/wp\/v2\/posts\/16168","targetHints":{"allow":["GET"]}}],"collection":[{"href":"http:\/\/web-zac.com\/index.php?rest_route=\/wp\/v2\/posts"}],"about":[{"href":"http:\/\/web-zac.com\/index.php?rest_route=\/wp\/v2\/types\/post"}],"author":[{"embeddable":true,"href":"http:\/\/web-zac.com\/index.php?rest_route=\/wp\/v2\/users\/3"}],"replies":[{"embeddable":true,"href":"http:\/\/web-zac.com\/index.php?rest_route=%2Fwp%2Fv2%2Fcomments&post=16168"}],"version-history":[{"count":1,"href":"http:\/\/web-zac.com\/index.php?rest_route=\/wp\/v2\/posts\/16168\/revisions"}],"predecessor-version":[{"id":16169,"href":"http:\/\/web-zac.com\/index.php?rest_route=\/wp\/v2\/posts\/16168\/revisions\/16169"}],"wp:featuredmedia":[{"embeddable":true,"href":"http:\/\/web-zac.com\/index.php?rest_route=\/wp\/v2\/media\/16167"}],"wp:attachment":[{"href":"http:\/\/web-zac.com\/index.php?rest_route=%2Fwp%2Fv2%2Fmedia&parent=16168"}],"wp:term":[{"taxonomy":"category","embeddable":true,"href":"http:\/\/web-zac.com\/index.php?rest_route=%2Fwp%2Fv2%2Fcategories&post=16168"},{"taxonomy":"post_tag","embeddable":true,"href":"http:\/\/web-zac.com\/index.php?rest_route=%2Fwp%2Fv2%2Ftags&post=16168"}],"curies":[{"name":"wp","href":"https:\/\/api.w.org\/{rel}","templated":true}]}}