{"id":16074,"date":"2023-10-02T22:41:09","date_gmt":"2023-10-03T03:41:09","guid":{"rendered":"http:\/\/web-zac.com\/?p=16074"},"modified":"2023-10-02T22:41:19","modified_gmt":"2023-10-03T03:41:19","slug":"politicas-publicas-implementadas-por-el-gobernador-david-monreal-fortalecen-al-campo-zacatecano-padilla","status":"publish","type":"post","link":"http:\/\/web-zac.com\/?p=16074","title":{"rendered":"Pol\u00edticas p\u00fablicas implementadas por el Gobernador David Monreal fortalecen al campo zacatecano: Padilla"},"content":{"rendered":"\n<figure class=\"wp-block-image\"><img loading=\"lazy\" decoding=\"async\" width=\"1024\" height=\"682\" src=\"http:\/\/web-zac.com\/wp-content\/uploads\/2023\/10\/IMG-20231002-WA0136-1024x682.jpg\" alt=\"\" class=\"wp-image-16073\" srcset=\"http:\/\/web-zac.com\/wp-content\/uploads\/2023\/10\/IMG-20231002-WA0136-1024x682.jpg 1024w, http:\/\/web-zac.com\/wp-content\/uploads\/2023\/10\/IMG-20231002-WA0136-300x200.jpg 300w, http:\/\/web-zac.com\/wp-content\/uploads\/2023\/10\/IMG-20231002-WA0136-768x511.jpg 768w, http:\/\/web-zac.com\/wp-content\/uploads\/2023\/10\/IMG-20231002-WA0136-1200x799.jpg 1200w, http:\/\/web-zac.com\/wp-content\/uploads\/2023\/10\/IMG-20231002-WA0136.jpg 1280w\" sizes=\"auto, (max-width: 1024px) 100vw, 1024px\" \/><\/figure>\n\n\n\n<p><br><br>\u25aa\ufe0fEl titular de la Secampo compareci\u00f3 ante la LXIV Legislatura, con motivo de la glosa del Segundo Informe de Labores del mandatario estatal<br>\u25aa\ufe0fAlz\u00f3 la voz para reconocer y encarar la dura realidad de la sequ\u00eda, por lo que hizo un llamado al Poder Legislativo para afrontar presupuestalmente el desaf\u00edo <br>\u25aa\ufe0fDestac\u00f3 las cinco expo agropecuarias del \u00faltimo a\u00f1o y el otorgamiento de semilla especializada y di\u00e9sel <br><br>Zacatecas, Zac., 02 de octubre de 2023.- Al ser la actividad primaria uno de los ejes tractores del Gobierno de Zacatecas, el mandatario David Monreal \u00c1vila fortaleci\u00f3 en este a\u00f1o al sector agr\u00edcola y ganadero, inform\u00f3 el Secretario del Campo, Jes\u00fas Padilla Estrada, durante su comparecencia en la LXIV Legislatura, con motivo de la glosa del Segundo Informe de Labores del mandatario estatal.<br><br>Mediante pol\u00edticas p\u00fablicas y acciones precisas, como expos agropecuarias y entrega de semilla y di\u00e9sel, se atendieron de manera transparente las necesidades de las y los productores locales; adem\u00e1s, se ha buscado mitigar los graves efectos provocados por la sequ\u00eda at\u00edpica que azotan a Zacatecas y al pa\u00eds.<br><br>No obstante, ante las y los diputados, el titular de la Secretar\u00eda del Campo alz\u00f3 la voz para reconocer y encarar la dura realidad de la sequ\u00eda, por lo que hizo un llamado al Poder Legislativo para afrontar presupuestalmente juntos y en comuni\u00f3n de esfuerzos el desaf\u00edo del desastre climatol\u00f3gico.<br><br>Jes\u00fas Padilla se\u00f1al\u00f3 que ya se solicit\u00f3 al Gobierno de M\u00e9xico la Declaratoria de Emergencia por Sequ\u00eda en Zacatecas, a fin de acceder a recursos que ayuden a atender dicha situaci\u00f3n; sin embargo, el Gobernador David Monreal tambi\u00e9n ya act\u00faa en dos vertientes. <br><br>La primera es la pecuaria, pues en caso de que no llueva en el corto plazo, ya se delinea un esquema para atender a los peque\u00f1os ganaderos para llevarles el agua. Toda vez que, dijo, a partir de la primera helada se acabar\u00e1 el poco pasto existente, por lo que se buscar\u00e1 llevarles a los ganaderos un suministro que les ayude a paliar la crisis que se va a enfrentar.<br><br>La segunda vertiente, se\u00f1al\u00f3, es la parte agr\u00edcola, la m\u00e1s sensible de la entidad, toda vez que hay una crisis porque, ante la falta de lluvia, se ha hecho un an\u00e1lisis de que se producir\u00e1 s\u00f3lo un 30 por ciento de frijol porque el 70 por ciento de la superficie en la entidad se perdi\u00f3. <br><br>En ese sentido, explic\u00f3 que el Gobernador hace lo necesario para que los productores tengan semilla para siembra y esperar que el a\u00f1o entrante la naturaleza sea m\u00e1s favorable.<br><br>Adem\u00e1s, refiri\u00f3, se acudi\u00f3 a la C\u00e1mara de Diputados federal y se hizo la petici\u00f3n de que se dote de recursos para abrir un mecanismo para acopiar la semilla que se produce en Zacatecas y, de ser necesario, cerrar las fronteras para que el frijol no salga del estado para evitar un desabasto.<br><br>Pese al dif\u00edcil panorama, Jes\u00fas Padilla asegur\u00f3 que el campo no se detiene y muestra de ello son los programas exitosos que el mandatario ha implementado; uno de los m\u00e1s importantes son las Expo Ferias Agropecuarias que se han llevado a cabo, en el \u00faltimo a\u00f1o, en Pozo de Gamboa, P\u00e1nuco; Villanueva; Colonia Hidalgo, Sombrerete; Fort Worth, Texas; Feria Nacional de Zacatecas y en el mes de noviembre se realizar\u00e1 otra en Los \u00c1ngeles, California.<br><br>Reafirm\u00f3 que en el Gobernador David Monreal \u00c1vila se tiene a un aliado para los campesinos y ganaderos, un hombre que conoce y vive del campo, lo que es una gran ventaja para el sector.<br><br>El Secretario del Campo tambi\u00e9n dio a conocer a las y los legisladores que el mandatario ha otorgado apoyos para la adquisici\u00f3n de maquinaria especializada y tractores, semilla especializada, di\u00e9sel agr\u00edcola, mejoramiento gen\u00e9tico, as\u00ed como trabajos de cosecha, almacenamiento y distribuci\u00f3n de agua.<br><br>Asimismo, a\u00f1adi\u00f3, el Gobernador ha apoyado a la gente con paquetes agropecuarios para autoconsumo, especies menores y producci\u00f3n primaria; tambi\u00e9n, ha realizado el mejoramiento de tierras y la habilitaci\u00f3n de caminos sacacosechas; adem\u00e1s de rehabilitaci\u00f3n de bordos y perforaci\u00f3n de pozos. <br><br>Durante esta rendici\u00f3n de cuentas, el Secretario Jes\u00fas Padilla reiter\u00f3 que el Gobernador continuar\u00e1 con el fortalecimiento de los diferentes programas para la reactivaci\u00f3n y desarrollo del sector rural a trav\u00e9s de acciones en favor de la agricultura, la ganader\u00eda, el rescate h\u00eddrico, el desarrollo rural sustentable, as\u00ed como la atenci\u00f3n a las mujeres y j\u00f3venes del campo.<br><br>\u2014ooOoo\u2014<\/p>\n","protected":false},"excerpt":{"rendered":"<p>\u25aa\ufe0fEl titular de la Secampo compareci\u00f3 ante la LXIV Legislatura, con motivo de la glosa del Segundo Informe de Labores del mandatario estatal\u25aa\ufe0fAlz\u00f3 la voz para reconocer y encarar la dura realidad de la sequ\u00eda, por lo que hizo un llamado al Poder Legislativo para afrontar presupuestalmente el desaf\u00edo \u25aa\ufe0fDestac\u00f3 las cinco expo agropecuarias del [&hellip;]<\/p>\n","protected":false},"author":3,"featured_media":16073,"comment_status":"open","ping_status":"open","sticky":false,"template":"","format":"standard","meta":{"footnotes":""},"categories":[4,22],"tags":[],"class_list":["post-16074","post","type-post","status-publish","format-standard","has-post-thumbnail","hentry","category-webgobierno","category-gobierno"],"jetpack_featured_media_url":"http:\/\/web-zac.com\/wp-content\/uploads\/2023\/10\/IMG-20231002-WA0136.jpg","_links":{"self":[{"href":"http:\/\/web-zac.com\/index.php?rest_route=\/wp\/v2\/posts\/16074","targetHints":{"allow":["GET"]}}],"collection":[{"href":"http:\/\/web-zac.com\/index.php?rest_route=\/wp\/v2\/posts"}],"about":[{"href":"http:\/\/web-zac.com\/index.php?rest_route=\/wp\/v2\/types\/post"}],"author":[{"embeddable":true,"href":"http:\/\/web-zac.com\/index.php?rest_route=\/wp\/v2\/users\/3"}],"replies":[{"embeddable":true,"href":"http:\/\/web-zac.com\/index.php?rest_route=%2Fwp%2Fv2%2Fcomments&post=16074"}],"version-history":[{"count":1,"href":"http:\/\/web-zac.com\/index.php?rest_route=\/wp\/v2\/posts\/16074\/revisions"}],"predecessor-version":[{"id":16075,"href":"http:\/\/web-zac.com\/index.php?rest_route=\/wp\/v2\/posts\/16074\/revisions\/16075"}],"wp:featuredmedia":[{"embeddable":true,"href":"http:\/\/web-zac.com\/index.php?rest_route=\/wp\/v2\/media\/16073"}],"wp:attachment":[{"href":"http:\/\/web-zac.com\/index.php?rest_route=%2Fwp%2Fv2%2Fmedia&parent=16074"}],"wp:term":[{"taxonomy":"category","embeddable":true,"href":"http:\/\/web-zac.com\/index.php?rest_route=%2Fwp%2Fv2%2Fcategories&post=16074"},{"taxonomy":"post_tag","embeddable":true,"href":"http:\/\/web-zac.com\/index.php?rest_route=%2Fwp%2Fv2%2Ftags&post=16074"}],"curies":[{"name":"wp","href":"https:\/\/api.w.org\/{rel}","templated":true}]}}