{"id":16068,"date":"2023-10-01T22:29:50","date_gmt":"2023-10-02T03:29:50","guid":{"rendered":"http:\/\/web-zac.com\/?p=16068"},"modified":"2023-10-02T22:29:56","modified_gmt":"2023-10-03T03:29:56","slug":"realizan-con-exito-la-primera-edicion-del-festival-dominical-familiar-del-area-protegida-del-cerro-de-la-bufa","status":"publish","type":"post","link":"http:\/\/web-zac.com\/?p=16068","title":{"rendered":"REALIZAN CON \u00c9XITO LA PRIMERA EDICI\u00d3N DEL FESTIVAL DOMINICAL FAMILIAR DEL \u00c1REA PROTEGIDA DEL CERRO DE LA BUFA"},"content":{"rendered":"\n<figure class=\"wp-block-image\"><img loading=\"lazy\" decoding=\"async\" width=\"1024\" height=\"768\" src=\"http:\/\/web-zac.com\/wp-content\/uploads\/2023\/10\/IMG-20231001-WA0116-1024x768.jpg\" alt=\"\" class=\"wp-image-16067\" srcset=\"http:\/\/web-zac.com\/wp-content\/uploads\/2023\/10\/IMG-20231001-WA0116-1024x768.jpg 1024w, http:\/\/web-zac.com\/wp-content\/uploads\/2023\/10\/IMG-20231001-WA0116-300x225.jpg 300w, http:\/\/web-zac.com\/wp-content\/uploads\/2023\/10\/IMG-20231001-WA0116-768x576.jpg 768w, http:\/\/web-zac.com\/wp-content\/uploads\/2023\/10\/IMG-20231001-WA0116.jpg 1080w\" sizes=\"auto, (max-width: 1024px) 100vw, 1024px\" \/><\/figure>\n\n\n\n<p>\n<br>\n<br>\uf06c\tAl primer festival acudieron mil 600 personas.\n<br>\n<br>Zacatecas, Zac. La primera edici\u00f3n del Festival Dominical Familiar del \u00c1rea Protegida del Cerro de la Bufa se llev\u00f3 a cabo con una gran concurrencia, lo que impuls\u00f3 y promovi\u00f3 la econom\u00eda de la Capital de la Transformaci\u00f3n. \n<br>\n<br>Desde las 7:00 de la ma\u00f1ana iniciaron las actividades con la sesi\u00f3n de yoga hol\u00edstica y la espera del amanecer del 01 de octubre, con lo que recargaron energ\u00eda las y los presentes. \n<br>\n<br>A partir de ese momento, comenz\u00f3 la exposici\u00f3n de productos hechos por productores y emprendedores locales, as\u00ed como la muestra gastron\u00f3mica a cargo de los comerciantes instalados en el anden comercial del Cerro de la Bufa. \n<br>\n<br>Para la edici\u00f3n n\u00famero uno del festival se registr\u00f3 una afluencia aproximada de mil 600 personas y 25 polic\u00edas municipales, personal de Turismo de Zacatecas, Servicios p\u00fablicos, Departamento de Limpia, Alumbrado, y de la Unidad de Protecci\u00f3n Civil y Bomberos del municipio. \n<br>\n<br>Su presencia se debi\u00f3 a que se planificaron diversas actividades al aire libre como senderismo y ciclismo de monta\u00f1a, en las que se incluyeron jornadas de limpieza de la zona protegida y cuidado del medio ambiente. \n<br>\n<br>Adem\u00e1s de reactivar la econom\u00eda local, tambi\u00e9n se promovi\u00f3 la cultura y el arte, esto a trav\u00e9s de una ceremonia Wix\u00e1rika a cargo de la comunidad de Los Pueblos Originarios que radican en el municipio. \n<br>\n<br>Tambi\u00e9n se imparti\u00f3 la conferencia magistral \u201cLa Bufa como patrimonio cultural de Zacatecas\u201d a cargo de Manuel Gonz\u00e1lez, cronista del municipio, quien dio a conocer la historia del emblem\u00e1tico lugar.\n<br>\n<br>El Ballet Folcl\u00f3rico del municipio se present\u00f3 como una de las \u00faltimas actividades, y la Orquesta T\u00edpica del Ayuntamiento de Zacatecas realiz\u00f3 un magno concierto. \n<br>\n<br>La administraci\u00f3n del Dr. Jorge Miranda Castro invita a la poblaci\u00f3n a sumarse a las actividades del Festival Dominical Familiar del \u00c1rea Protegida del Cerro de la Bufa, el cual se llevar\u00e1 a cabo el primer domingo de cada mes. \n<br>\n<br>En dicho espacio continuar\u00e1 la muestra gastron\u00f3mica, art\u00edstica y cultural; as\u00ed como los distintos talleres dirigidos para ni\u00f1as, ni\u00f1os, j\u00f3venes y adultos, que incluyen disciplinas como el dibujo, grabado, elaboraci\u00f3n de jab\u00f3n y chocolate, entre otras.<\/p>\n","protected":false},"excerpt":{"rendered":"<p>\uf06c Al primer festival acudieron mil 600 personas. Zacatecas, Zac. La primera edici\u00f3n del Festival Dominical Familiar del \u00c1rea Protegida del Cerro de la Bufa se llev\u00f3 a cabo con una gran concurrencia, lo que impuls\u00f3 y promovi\u00f3 la econom\u00eda de la Capital de la Transformaci\u00f3n. Desde las 7:00 de la ma\u00f1ana iniciaron las actividades [&hellip;]<\/p>\n","protected":false},"author":3,"featured_media":16067,"comment_status":"open","ping_status":"open","sticky":false,"template":"","format":"standard","meta":{"footnotes":""},"categories":[6,18],"tags":[],"class_list":["post-16068","post","type-post","status-publish","format-standard","has-post-thumbnail","hentry","category-webmunicipios","category-zacatecas"],"jetpack_featured_media_url":"http:\/\/web-zac.com\/wp-content\/uploads\/2023\/10\/IMG-20231001-WA0116.jpg","_links":{"self":[{"href":"http:\/\/web-zac.com\/index.php?rest_route=\/wp\/v2\/posts\/16068","targetHints":{"allow":["GET"]}}],"collection":[{"href":"http:\/\/web-zac.com\/index.php?rest_route=\/wp\/v2\/posts"}],"about":[{"href":"http:\/\/web-zac.com\/index.php?rest_route=\/wp\/v2\/types\/post"}],"author":[{"embeddable":true,"href":"http:\/\/web-zac.com\/index.php?rest_route=\/wp\/v2\/users\/3"}],"replies":[{"embeddable":true,"href":"http:\/\/web-zac.com\/index.php?rest_route=%2Fwp%2Fv2%2Fcomments&post=16068"}],"version-history":[{"count":1,"href":"http:\/\/web-zac.com\/index.php?rest_route=\/wp\/v2\/posts\/16068\/revisions"}],"predecessor-version":[{"id":16069,"href":"http:\/\/web-zac.com\/index.php?rest_route=\/wp\/v2\/posts\/16068\/revisions\/16069"}],"wp:featuredmedia":[{"embeddable":true,"href":"http:\/\/web-zac.com\/index.php?rest_route=\/wp\/v2\/media\/16067"}],"wp:attachment":[{"href":"http:\/\/web-zac.com\/index.php?rest_route=%2Fwp%2Fv2%2Fmedia&parent=16068"}],"wp:term":[{"taxonomy":"category","embeddable":true,"href":"http:\/\/web-zac.com\/index.php?rest_route=%2Fwp%2Fv2%2Fcategories&post=16068"},{"taxonomy":"post_tag","embeddable":true,"href":"http:\/\/web-zac.com\/index.php?rest_route=%2Fwp%2Fv2%2Ftags&post=16068"}],"curies":[{"name":"wp","href":"https:\/\/api.w.org\/{rel}","templated":true}]}}