{"id":16059,"date":"2023-10-02T22:20:45","date_gmt":"2023-10-03T03:20:45","guid":{"rendered":"http:\/\/web-zac.com\/?p=16059"},"modified":"2023-10-02T22:20:58","modified_gmt":"2023-10-03T03:20:58","slug":"promueven-los-valores-civicosen-la-escuela-alvaro-obregon","status":"publish","type":"post","link":"http:\/\/web-zac.com\/?p=16059","title":{"rendered":"PROMUEVEN LOS VALORES C\u00cdVICOS<br \/>EN LA ESCUELA \u00c1LVARO OBREG\u00d3N"},"content":{"rendered":"\n<figure class=\"wp-block-image\"><img loading=\"lazy\" decoding=\"async\" width=\"1024\" height=\"682\" src=\"http:\/\/web-zac.com\/wp-content\/uploads\/2023\/10\/IMG-20231002-WA0029-1024x682.jpg\" alt=\"\" class=\"wp-image-16058\" srcset=\"http:\/\/web-zac.com\/wp-content\/uploads\/2023\/10\/IMG-20231002-WA0029-1024x682.jpg 1024w, http:\/\/web-zac.com\/wp-content\/uploads\/2023\/10\/IMG-20231002-WA0029-300x200.jpg 300w, http:\/\/web-zac.com\/wp-content\/uploads\/2023\/10\/IMG-20231002-WA0029-768x512.jpg 768w, http:\/\/web-zac.com\/wp-content\/uploads\/2023\/10\/IMG-20231002-WA0029-1200x800.jpg 1200w, http:\/\/web-zac.com\/wp-content\/uploads\/2023\/10\/IMG-20231002-WA0029.jpg 1280w\" sizes=\"auto, (max-width: 1024px) 100vw, 1024px\" \/><\/figure>\n\n\n\n<p>\n<br>\n<br>\u2022\tSa\u00fal Monreal \u00c1vila exhort\u00f3 a los estudiantes a formular un plan de vida.\n<br>\n<br>\n<br>Fresnillo, Zac.- Para dar continuidad a la promoci\u00f3n de los valores c\u00edvicos en Fresnillo, el presidente Sa\u00fal Monreal \u00c1vila visit\u00f3 la escuela primaria \u201c\u00c1lvaro Obreg\u00f3n\u201d, en la colonia Industrial, donde encabez\u00f3 los honores al L\u00e1baro Patrio.\n<br>Para involucrar a los estudiantes en el aprecio y el respeto a los valores c\u00edvicos, los ni\u00f1os y ni\u00f1os participaron decorosamente en la celebraci\u00f3n c\u00edvica. \n<br>Sa\u00fal Monreal \u00c1vila los felicit\u00f3 por su empe\u00f1o y buen comportamiento durante los honores. Agreg\u00f3 que son unos ni\u00f1os con un gran futuro.\n<br>Tambi\u00e9n reconoci\u00f3 la importancia de no abandonar sus sue\u00f1os y trazar un plan de vida para lograrlos.\n<br>Omar Serrano Rodr\u00edguez, director de la instituci\u00f3n, detall\u00f3 que el plantel tiene 83 a\u00f1os siendo parte decisiva de la formaci\u00f3n de hombres y mujeres de bien. Adem\u00e1s, dijo que la instituci\u00f3n se proclama aut\u00f3noma.\n<br>Gracias a la colaboraci\u00f3n de padres de familia y docentes se logr\u00f3 la construcci\u00f3n de un domo, aulas, ba\u00f1os y pasillos, esto sin solicitar apoyo a las autoridades municipales.\n<br>El director pidi\u00f3 el apoyo para la construcci\u00f3n de un segundo domo, ya que por la matr\u00edcula estudiantil es necesario tener dos espacios techados para las actividades al aire libre, y as\u00ed no afectar a ning\u00fan grupo.\n<br>El primer edil escuch\u00f3 atentamente la solicitud y respondi\u00f3 que se contemplar\u00e1 el proyecto para ejecutarlo de manera coordinada y beneficiar a los estudiantes: as\u00ed disfrutar\u00e1n sus canchas sin arriesgarse ante los fuertes rayos del sol.\n<br><\/p>\n","protected":false},"excerpt":{"rendered":"<p>\u2022 Sa\u00fal Monreal \u00c1vila exhort\u00f3 a los estudiantes a formular un plan de vida. Fresnillo, Zac.- Para dar continuidad a la promoci\u00f3n de los valores c\u00edvicos en Fresnillo, el presidente Sa\u00fal Monreal \u00c1vila visit\u00f3 la escuela primaria \u201c\u00c1lvaro Obreg\u00f3n\u201d, en la colonia Industrial, donde encabez\u00f3 los honores al L\u00e1baro Patrio. Para involucrar a los estudiantes [&hellip;]<\/p>\n","protected":false},"author":3,"featured_media":16058,"comment_status":"open","ping_status":"open","sticky":false,"template":"","format":"standard","meta":{"footnotes":""},"categories":[19,6],"tags":[],"class_list":["post-16059","post","type-post","status-publish","format-standard","has-post-thumbnail","hentry","category-fresnillo","category-webmunicipios"],"jetpack_featured_media_url":"http:\/\/web-zac.com\/wp-content\/uploads\/2023\/10\/IMG-20231002-WA0029.jpg","_links":{"self":[{"href":"http:\/\/web-zac.com\/index.php?rest_route=\/wp\/v2\/posts\/16059","targetHints":{"allow":["GET"]}}],"collection":[{"href":"http:\/\/web-zac.com\/index.php?rest_route=\/wp\/v2\/posts"}],"about":[{"href":"http:\/\/web-zac.com\/index.php?rest_route=\/wp\/v2\/types\/post"}],"author":[{"embeddable":true,"href":"http:\/\/web-zac.com\/index.php?rest_route=\/wp\/v2\/users\/3"}],"replies":[{"embeddable":true,"href":"http:\/\/web-zac.com\/index.php?rest_route=%2Fwp%2Fv2%2Fcomments&post=16059"}],"version-history":[{"count":1,"href":"http:\/\/web-zac.com\/index.php?rest_route=\/wp\/v2\/posts\/16059\/revisions"}],"predecessor-version":[{"id":16060,"href":"http:\/\/web-zac.com\/index.php?rest_route=\/wp\/v2\/posts\/16059\/revisions\/16060"}],"wp:featuredmedia":[{"embeddable":true,"href":"http:\/\/web-zac.com\/index.php?rest_route=\/wp\/v2\/media\/16058"}],"wp:attachment":[{"href":"http:\/\/web-zac.com\/index.php?rest_route=%2Fwp%2Fv2%2Fmedia&parent=16059"}],"wp:term":[{"taxonomy":"category","embeddable":true,"href":"http:\/\/web-zac.com\/index.php?rest_route=%2Fwp%2Fv2%2Fcategories&post=16059"},{"taxonomy":"post_tag","embeddable":true,"href":"http:\/\/web-zac.com\/index.php?rest_route=%2Fwp%2Fv2%2Ftags&post=16059"}],"curies":[{"name":"wp","href":"https:\/\/api.w.org\/{rel}","templated":true}]}}