{"id":16056,"date":"2023-10-02T22:19:02","date_gmt":"2023-10-03T03:19:02","guid":{"rendered":"http:\/\/web-zac.com\/?p=16056"},"modified":"2023-10-02T22:19:12","modified_gmt":"2023-10-03T03:19:12","slug":"coronan-a-reina-del-457o-aniversario-de-plateros","status":"publish","type":"post","link":"http:\/\/web-zac.com\/?p=16056","title":{"rendered":"CORONAN A REINA DEL 457\u00ba.\n<br>ANIVERSARIO DE PLATEROS"},"content":{"rendered":"\n<figure class=\"wp-block-image\"><img loading=\"lazy\" decoding=\"async\" width=\"1024\" height=\"682\" src=\"http:\/\/web-zac.com\/wp-content\/uploads\/2023\/10\/IMG-20231002-WA0185-1024x682.jpg\" alt=\"\" class=\"wp-image-16055\" srcset=\"http:\/\/web-zac.com\/wp-content\/uploads\/2023\/10\/IMG-20231002-WA0185-1024x682.jpg 1024w, http:\/\/web-zac.com\/wp-content\/uploads\/2023\/10\/IMG-20231002-WA0185-300x200.jpg 300w, http:\/\/web-zac.com\/wp-content\/uploads\/2023\/10\/IMG-20231002-WA0185-768x512.jpg 768w, http:\/\/web-zac.com\/wp-content\/uploads\/2023\/10\/IMG-20231002-WA0185-1200x800.jpg 1200w, http:\/\/web-zac.com\/wp-content\/uploads\/2023\/10\/IMG-20231002-WA0185.jpg 1280w\" sizes=\"auto, (max-width: 1024px) 100vw, 1024px\" \/><\/figure>\n\n\n\n<p>\n<br>\n<br>\u2022\tEl presidente Sa\u00fal Monreal \u00c1vila reconoci\u00f3 que la corte real representa dignamente a la belleza de la piadosa comunidad.\n<br>\u2022\tInvitan a platerenses y pobladores de localidades vecinas a disfrutar de las fiestas de aniversario.\n<br>\n<br>\n<br>Fresnillo, Zac.- En una noche m\u00e1gica y especial de inicio de feria, fue coronada Lizeth como reina del 457\u00ba. aniversario de Plateros. Junto con su corte real, las princesas Fernanda y Dulce, representar\u00e1 dignamente a la comunidad durante un a\u00f1o.\n<br>La gala de coronaci\u00f3n se realiz\u00f3 en el atrio del santuario del Santo Ni\u00f1o de Atocha, donde los platerenses se dieron cita para disfrutar de este evento inaugural de las festividades de la localidad.\n<br>El presidente Sa\u00fal Monreal \u00c1vila felicit\u00f3 a los pobladores de esta piadosa comunidad, que celebrar\u00e1 con actividades religiosas, culturales y deportivas hasta el 9 de octubre. A reina y princesas les dijo que \u201chicieron un gran trabajo y las tres son ganadoras. Representan dignamente a la belleza de Plateros: tierra de la fe y los milagros\u201d. \n<br>Resalt\u00f3, adem\u00e1s, que las fiestas del 457\u00ba. aniversario de Plateros est\u00e1n dando mucho de que hablar sobre la localidad y el cari\u00f1o de su gente, quienes hacen posible el \u00e9xito de cada evento.\n<br>\u201cLas tradiciones de esta tierra la hacen cada vez m\u00e1s grande\u201d, recalc\u00f3.\n<br>Con gran emoci\u00f3n, Sa\u00fal Monreal \u00c1vila coron\u00f3 a Lizeth I, mientras que Mart\u00edn \u00c1lvarez Casio, secretario del Ayuntamiento, y el delegado Guillermo L\u00f3pez Moreno coronaron a las princesas Diana y Fernanda, respectivamente. \n<br>A este evento de coronaci\u00f3n asisti\u00f3 Karely I, reina del 469\u00ba. aniversario de la Fundaci\u00f3n de Fresnillo, adem\u00e1s de la corte real 2022 de Plateros, Fernanda y las princesas Yahaira y Yadira, as\u00ed como la Banda Sinf\u00f3nica Municipal \u201cSanta Cecilia\u201d y Miriam Xochiquetzal, quienes deleitaron a los presentes con su participaci\u00f3n musical.\n<br><\/p>\n","protected":false},"excerpt":{"rendered":"<p>\u2022 El presidente Sa\u00fal Monreal \u00c1vila reconoci\u00f3 que la corte real representa dignamente a la belleza de la piadosa comunidad. \u2022 Invitan a platerenses y pobladores de localidades vecinas a disfrutar de las fiestas de aniversario. Fresnillo, Zac.- En una noche m\u00e1gica y especial de inicio de feria, fue coronada Lizeth como reina del 457\u00ba. [&hellip;]<\/p>\n","protected":false},"author":3,"featured_media":16055,"comment_status":"open","ping_status":"open","sticky":false,"template":"","format":"standard","meta":{"footnotes":""},"categories":[19,6],"tags":[],"class_list":["post-16056","post","type-post","status-publish","format-standard","has-post-thumbnail","hentry","category-fresnillo","category-webmunicipios"],"jetpack_featured_media_url":"http:\/\/web-zac.com\/wp-content\/uploads\/2023\/10\/IMG-20231002-WA0185.jpg","_links":{"self":[{"href":"http:\/\/web-zac.com\/index.php?rest_route=\/wp\/v2\/posts\/16056","targetHints":{"allow":["GET"]}}],"collection":[{"href":"http:\/\/web-zac.com\/index.php?rest_route=\/wp\/v2\/posts"}],"about":[{"href":"http:\/\/web-zac.com\/index.php?rest_route=\/wp\/v2\/types\/post"}],"author":[{"embeddable":true,"href":"http:\/\/web-zac.com\/index.php?rest_route=\/wp\/v2\/users\/3"}],"replies":[{"embeddable":true,"href":"http:\/\/web-zac.com\/index.php?rest_route=%2Fwp%2Fv2%2Fcomments&post=16056"}],"version-history":[{"count":1,"href":"http:\/\/web-zac.com\/index.php?rest_route=\/wp\/v2\/posts\/16056\/revisions"}],"predecessor-version":[{"id":16057,"href":"http:\/\/web-zac.com\/index.php?rest_route=\/wp\/v2\/posts\/16056\/revisions\/16057"}],"wp:featuredmedia":[{"embeddable":true,"href":"http:\/\/web-zac.com\/index.php?rest_route=\/wp\/v2\/media\/16055"}],"wp:attachment":[{"href":"http:\/\/web-zac.com\/index.php?rest_route=%2Fwp%2Fv2%2Fmedia&parent=16056"}],"wp:term":[{"taxonomy":"category","embeddable":true,"href":"http:\/\/web-zac.com\/index.php?rest_route=%2Fwp%2Fv2%2Fcategories&post=16056"},{"taxonomy":"post_tag","embeddable":true,"href":"http:\/\/web-zac.com\/index.php?rest_route=%2Fwp%2Fv2%2Ftags&post=16056"}],"curies":[{"name":"wp","href":"https:\/\/api.w.org\/{rel}","templated":true}]}}