{"id":16022,"date":"2023-09-28T13:50:00","date_gmt":"2023-09-28T18:50:00","guid":{"rendered":"http:\/\/web-zac.com\/?p=16022"},"modified":"2023-09-28T13:50:12","modified_gmt":"2023-09-28T18:50:12","slug":"realizaran-la-expo-vivienda-en-apoyo-a-proveedores-y-constructores-de-la-capital","status":"publish","type":"post","link":"http:\/\/web-zac.com\/?p=16022","title":{"rendered":"REALIZAR\u00c1N LA EXPO VIVIENDA EN APOYO A PROVEEDORES Y CONSTRUCTORES DE LA CAPITAL\n<br>"},"content":{"rendered":"\n<figure class=\"wp-block-image\"><img loading=\"lazy\" decoding=\"async\" width=\"658\" height=\"1024\" src=\"http:\/\/web-zac.com\/wp-content\/uploads\/2023\/09\/IMG-20230927-WA0164-658x1024.jpg\" alt=\"\" class=\"wp-image-16021\" srcset=\"http:\/\/web-zac.com\/wp-content\/uploads\/2023\/09\/IMG-20230927-WA0164-658x1024.jpg 658w, http:\/\/web-zac.com\/wp-content\/uploads\/2023\/09\/IMG-20230927-WA0164-193x300.jpg 193w, http:\/\/web-zac.com\/wp-content\/uploads\/2023\/09\/IMG-20230927-WA0164-768x1195.jpg 768w, http:\/\/web-zac.com\/wp-content\/uploads\/2023\/09\/IMG-20230927-WA0164-987x1536.jpg 987w, http:\/\/web-zac.com\/wp-content\/uploads\/2023\/09\/IMG-20230927-WA0164-771x1200.jpg 771w, http:\/\/web-zac.com\/wp-content\/uploads\/2023\/09\/IMG-20230927-WA0164.jpg 1028w\" sizes=\"auto, (max-width: 658px) 100vw, 658px\" \/><\/figure>\n\n\n\n<p>\n<br>\u2022\tLa fecha l\u00edmite para el registro es el pr\u00f3ximo 27 de octubre. \n<br>\n<br>Zacatecas, Zac. El Ayuntamiento de Zacatecas, a trav\u00e9s de la Secretar\u00eda de Desarrollo Urbano y Medio Ambiente, present\u00f3 la convocatoria para participar en la Expo Vivienda el pr\u00f3ximo 16 y 17 de noviembre en el Jard\u00edn de Independencia. \n<br>\n<br>La secretaria de Desarrollo Econ\u00f3mico y Turismo, Laila Villasuso Sabag, dio a conocer que otorgar\u00e1n 30 espacios a las empresas que se encuentren dentro del ramo de la construcci\u00f3n, instituciones de vivienda y financieras hipotecarias. \n<br>\n<br>Las y los interesados podr\u00e1n realizar el proceso de inscripci\u00f3n a partir de este mi\u00e9rcoles y hasta el 27 de octubre, y deber\u00e1n acreditar ser personas f\u00edsicas o Morales, radicar en la Capital, estar inscritos en el padr\u00f3n de comerciantes del municipio. \n<br>\n<br>Adem\u00e1s, su actividad econ\u00f3mica deber\u00e1 encontrarse dentro de la provedur\u00eda de servicios financiamiento, asesor\u00eda o productos de la construcci\u00f3n y mejoramiento a la vivienda. \n<br>\n<br>El registro se puede realizar en el Departamento de Vivienda y en la Direcci\u00f3n de Fomento Econ\u00f3mico de la Capital. \n<br>\n<br>Por su parte, la titular de la Secretar\u00eda de Desarrollo Urbano y Medio Ambiente, Carla Maldonado, destac\u00f3 que el objetivo es reunir en un solo lugar a financiadoras, representantes del sector inmobiliario, proveedores de materiales, entre otras empresas dedicadas a la vivienda. \n<br>\n<br>Se busca que adem\u00e1s de que dicho sector fortalezca su econom\u00eda, que las y los habitantes puedan adquirir o mejorar sus viviendas, a trav\u00e9s de diversos cr\u00e9ditos y financiamientos con las empresas participantes. \n<br>\n<br>A la presentaci\u00f3n de la convocatoria acudi\u00f3 Ma. de Lourdes Delgadillo, presidenta de la Comisi\u00f3n de Vivienda, Samuel Reveles, regidor y presidente de la Comisi\u00f3n Edilicia de Desarrollo Econ\u00f3mico, Jes\u00fas Humberto Olague, titular de la Direcci\u00f3n de Fomento Econ\u00f3mico.<\/p>\n","protected":false},"excerpt":{"rendered":"<p>\u2022 La fecha l\u00edmite para el registro es el pr\u00f3ximo 27 de octubre. Zacatecas, Zac. El Ayuntamiento de Zacatecas, a trav\u00e9s de la Secretar\u00eda de Desarrollo Urbano y Medio Ambiente, present\u00f3 la convocatoria para participar en la Expo Vivienda el pr\u00f3ximo 16 y 17 de noviembre en el Jard\u00edn de Independencia. La secretaria de Desarrollo [&hellip;]<\/p>\n","protected":false},"author":3,"featured_media":16021,"comment_status":"open","ping_status":"open","sticky":false,"template":"","format":"standard","meta":{"footnotes":""},"categories":[6,18],"tags":[],"class_list":["post-16022","post","type-post","status-publish","format-standard","has-post-thumbnail","hentry","category-webmunicipios","category-zacatecas"],"jetpack_featured_media_url":"http:\/\/web-zac.com\/wp-content\/uploads\/2023\/09\/IMG-20230927-WA0164.jpg","_links":{"self":[{"href":"http:\/\/web-zac.com\/index.php?rest_route=\/wp\/v2\/posts\/16022","targetHints":{"allow":["GET"]}}],"collection":[{"href":"http:\/\/web-zac.com\/index.php?rest_route=\/wp\/v2\/posts"}],"about":[{"href":"http:\/\/web-zac.com\/index.php?rest_route=\/wp\/v2\/types\/post"}],"author":[{"embeddable":true,"href":"http:\/\/web-zac.com\/index.php?rest_route=\/wp\/v2\/users\/3"}],"replies":[{"embeddable":true,"href":"http:\/\/web-zac.com\/index.php?rest_route=%2Fwp%2Fv2%2Fcomments&post=16022"}],"version-history":[{"count":1,"href":"http:\/\/web-zac.com\/index.php?rest_route=\/wp\/v2\/posts\/16022\/revisions"}],"predecessor-version":[{"id":16023,"href":"http:\/\/web-zac.com\/index.php?rest_route=\/wp\/v2\/posts\/16022\/revisions\/16023"}],"wp:featuredmedia":[{"embeddable":true,"href":"http:\/\/web-zac.com\/index.php?rest_route=\/wp\/v2\/media\/16021"}],"wp:attachment":[{"href":"http:\/\/web-zac.com\/index.php?rest_route=%2Fwp%2Fv2%2Fmedia&parent=16022"}],"wp:term":[{"taxonomy":"category","embeddable":true,"href":"http:\/\/web-zac.com\/index.php?rest_route=%2Fwp%2Fv2%2Fcategories&post=16022"},{"taxonomy":"post_tag","embeddable":true,"href":"http:\/\/web-zac.com\/index.php?rest_route=%2Fwp%2Fv2%2Ftags&post=16022"}],"curies":[{"name":"wp","href":"https:\/\/api.w.org\/{rel}","templated":true}]}}