{"id":16013,"date":"2023-09-27T21:05:26","date_gmt":"2023-09-28T02:05:26","guid":{"rendered":"http:\/\/web-zac.com\/?p=16013"},"modified":"2023-10-02T15:24:38","modified_gmt":"2023-10-02T20:24:38","slug":"supervisan-gobernador-y-presidente-la-rehabilitacion-de-carretera-en-comunidades","status":"publish","type":"post","link":"http:\/\/web-zac.com\/?p=16013","title":{"rendered":"SUPERVISAN GOBERNADOR Y PRESIDENTE LA REHABILITACI\u00d3N DE CARRETERA EN COMUNIDADES"},"content":{"rendered":"\r\n\r\n\r\n<p><br \/><br \/><br \/><br \/>Fresnillo, Zac.- Con la finalidad de mejorar la comunicaci\u00f3n entre las localidades rurales de Fresnillo, el gobernador del estado David Monreal \u00c1vila emprendi\u00f3 la rehabilitaci\u00f3n del tramo de la comunidad Francisco I. Madero a la de Vicente Guerrero de \u00c1brego. <br \/>El presidente de Fresnillo, Sa\u00fal Monreal \u00c1vila, lo acompa\u00f1\u00f3 en la supervisi\u00f3n de esta obra, la cual ten\u00eda dos d\u00e9cadas de ser solicitada, pues el pavimento que ten\u00eda anteriormente se deterior\u00f3 al grado de afectar a los veh\u00edculos que transitan por la zona. <br \/>Este proyecto forma parte de la estrategia de rehabilitaci\u00f3n de carreteras que maneja el Gobierno del Estado, con el objetivo de mejorar los caminos rurales y con ello favorecer la comunicaci\u00f3n entre comunidades y la cabecera municipal; en este caso, la de Fresnillo. <br \/><br \/><\/p>\r\n","protected":false},"excerpt":{"rendered":"<p>Fresnillo, Zac.- Con la finalidad de mejorar la comunicaci\u00f3n entre las localidades rurales de Fresnillo, el gobernador del estado David Monreal \u00c1vila emprendi\u00f3 la rehabilitaci\u00f3n del tramo de la comunidad Francisco I. Madero a la de Vicente Guerrero de \u00c1brego. El presidente de Fresnillo, Sa\u00fal Monreal \u00c1vila, lo acompa\u00f1\u00f3 en la supervisi\u00f3n de esta obra, [&hellip;]<\/p>\n","protected":false},"author":3,"featured_media":16012,"comment_status":"open","ping_status":"open","sticky":false,"template":"","format":"standard","meta":{"footnotes":""},"categories":[4,19,22,6],"tags":[],"class_list":["post-16013","post","type-post","status-publish","format-standard","has-post-thumbnail","hentry","category-webgobierno","category-fresnillo","category-gobierno","category-webmunicipios"],"jetpack_featured_media_url":"http:\/\/web-zac.com\/wp-content\/uploads\/2023\/09\/IMG-20230926-WA0172.jpg","_links":{"self":[{"href":"http:\/\/web-zac.com\/index.php?rest_route=\/wp\/v2\/posts\/16013","targetHints":{"allow":["GET"]}}],"collection":[{"href":"http:\/\/web-zac.com\/index.php?rest_route=\/wp\/v2\/posts"}],"about":[{"href":"http:\/\/web-zac.com\/index.php?rest_route=\/wp\/v2\/types\/post"}],"author":[{"embeddable":true,"href":"http:\/\/web-zac.com\/index.php?rest_route=\/wp\/v2\/users\/3"}],"replies":[{"embeddable":true,"href":"http:\/\/web-zac.com\/index.php?rest_route=%2Fwp%2Fv2%2Fcomments&post=16013"}],"version-history":[{"count":2,"href":"http:\/\/web-zac.com\/index.php?rest_route=\/wp\/v2\/posts\/16013\/revisions"}],"predecessor-version":[{"id":16039,"href":"http:\/\/web-zac.com\/index.php?rest_route=\/wp\/v2\/posts\/16013\/revisions\/16039"}],"wp:featuredmedia":[{"embeddable":true,"href":"http:\/\/web-zac.com\/index.php?rest_route=\/wp\/v2\/media\/16012"}],"wp:attachment":[{"href":"http:\/\/web-zac.com\/index.php?rest_route=%2Fwp%2Fv2%2Fmedia&parent=16013"}],"wp:term":[{"taxonomy":"category","embeddable":true,"href":"http:\/\/web-zac.com\/index.php?rest_route=%2Fwp%2Fv2%2Fcategories&post=16013"},{"taxonomy":"post_tag","embeddable":true,"href":"http:\/\/web-zac.com\/index.php?rest_route=%2Fwp%2Fv2%2Ftags&post=16013"}],"curies":[{"name":"wp","href":"https:\/\/api.w.org\/{rel}","templated":true}]}}