{"id":16010,"date":"2023-09-28T21:03:21","date_gmt":"2023-09-29T02:03:21","guid":{"rendered":"http:\/\/web-zac.com\/?p=16010"},"modified":"2023-10-02T15:25:42","modified_gmt":"2023-10-02T20:25:42","slug":"inicia-gobernador-david-monreal-entrega-de-mochilas-y-loncheras-a-248-mil-estudiantes-de-educacion-basica-de-todo-el-estado","status":"publish","type":"post","link":"http:\/\/web-zac.com\/?p=16010","title":{"rendered":"Inicia Gobernador David Monreal entrega de mochilas y loncheras a 248 mil estudiantes de educaci\u00f3n b\u00e1sica de todo el estado"},"content":{"rendered":"\r\n\r\n\r\n<p>Fresnillo, Zac., 26 de septiembre de 2023.- Como parte de la estrategia de fortalecimiento a la educaci\u00f3n que inici\u00f3 a la par que su administraci\u00f3n y en apoyo a la econom\u00eda de las familias zacatecanas, el Gobernador David Monreal \u00c1vila arranc\u00f3 la entrega de mochilas y loncheras, del programa Educaci\u00f3n para el Bienestar, que beneficiar\u00e1 a 248 mil 198 ni\u00f1as y ni\u00f1os, quienes cursan su educaci\u00f3n b\u00e1sica en 3 mil 374 instituciones p\u00fablicas de todo el estado. <br \/><br \/>El operativo de entrega de apoyos, que inici\u00f3 este martes en el municipio de Fresnillo, llevar\u00e1 mochilas a 182 mil 917 alumnos, de 1 mil 746 escuelas primarias, as\u00ed como loncheras a 65 mil 281 estudiantes de 1 mil 628 planteles de preescolar.<br \/><br \/>Acompa\u00f1ado por el Presidente Municipal, Sa\u00fal Monreal \u00c1vila, y los secretarios de Educaci\u00f3n y Desarrollo Social, Maribel Villalpando Haro y Sergio Casas, el Gobernador inform\u00f3 que, tan s\u00f3lo en Fresnillo, se entregar\u00e1n 27 mil 394 mochilas a igual n\u00famero de alumnas y alumnos de escuelas p\u00fablicas de nivel b\u00e1sico, con una inversi\u00f3n de 10 millones 957 mil 676 pesos. <br \/><br \/>En la Escuela Primaria Mar\u00eda R. Murillo, en esta cabecera municipal, el mandatario se reuni\u00f3 con docentes, directivos, padres de familia y estudiantes que recibieron sus mochilas nuevas, as\u00ed como loncheras, en el caso del alumnado de preescolar, las cuales les ser\u00e1n de utilidad para el presente ciclo escolar y representan un gasto menos por el que madres y padres deber\u00e1n preocuparse.<br \/><br \/>El objetivo de dichos apoyos, que tendr\u00e1n alcance estatal, puntualiz\u00f3 el Gobernador, es respaldar la econom\u00eda de las familias zacatecanas a trav\u00e9s de la entrega de materiales para fomentar la educaci\u00f3n. <br \/><br \/>\u201cCon este evento arrancamos la entrega en todo el estado, porque el programa de mochilas, como el de \u00fatiles escolares, va a ser universal, para el 100 por ciento de las escuelas primarias de Zacatecas\u201d, dijo David Monreal \u00c1vila.<br \/><br \/>Record\u00f3 que tiene un compromiso formal no s\u00f3lo con Fresnillo, sino con los 58 municipios, de robustecer este sector, por lo que pidi\u00f3 paciencia para atender las m\u00faltiples solicitudes; \u201cal redoblar esfuerzos, fue posible multiplicar la entrega de becas en primaria, secundaria, educaci\u00f3n media superior y superior\u201d, dijo.<br \/><br \/>Ma. Concepci\u00f3n Alvarado Acevedo, directora de la escuela en el turno matutino, dijo que con este tipo de incentivos, la ni\u00f1ez zacatecana est\u00e1 motivada a obtener los mejores resultados educativos, adem\u00e1s de que se desarrollan en un entorno m\u00e1s equitativo. En este plantel, 853 ni\u00f1as y ni\u00f1os fueron beneficiados con las mochilas.<br \/><br \/>Alvarado Acevedo le solicit\u00f3 al Gobernador David Monreal \u00c1vila una sala de lectura, una de c\u00f3mputo y una cancha, as\u00ed como proyectores, la rehabilitaci\u00f3n de la cancha de basquetbol y mejores sanitarios.<br \/><br \/>En su oportunidad, el Presidente Municipal, Sa\u00fal Monreal \u00c1vila, reconoci\u00f3 que la poblaci\u00f3n de esta parte del estado no s\u00f3lo se ha beneficiado con los apoyos a la educaci\u00f3n que el mandatario ha entregado, sino con ayuda para viviendas y calles, entre otros.<br \/><br \/>Durante la entrega, el mandatario estuvo acompa\u00f1ado tambi\u00e9n por la diputada local Maribel Galv\u00e1n Jim\u00e9nez; H\u00e9ctor Menchaca, director del Archivo General del Estado; as\u00ed como por el director del turno vespertino, Juan Carlos Salas Villareal.<br \/><br \/><br \/><\/p>\r\n","protected":false},"excerpt":{"rendered":"<p>Fresnillo, Zac., 26 de septiembre de 2023.- Como parte de la estrategia de fortalecimiento a la educaci\u00f3n que inici\u00f3 a la par que su administraci\u00f3n y en apoyo a la econom\u00eda de las familias zacatecanas, el Gobernador David Monreal \u00c1vila arranc\u00f3 la entrega de mochilas y loncheras, del programa Educaci\u00f3n para el Bienestar, que beneficiar\u00e1 [&hellip;]<\/p>\n","protected":false},"author":3,"featured_media":16009,"comment_status":"open","ping_status":"open","sticky":false,"template":"","format":"standard","meta":{"footnotes":""},"categories":[4,22],"tags":[],"class_list":["post-16010","post","type-post","status-publish","format-standard","has-post-thumbnail","hentry","category-webgobierno","category-gobierno"],"jetpack_featured_media_url":"http:\/\/web-zac.com\/wp-content\/uploads\/2023\/09\/IMG-20230926-WA0132.jpg","_links":{"self":[{"href":"http:\/\/web-zac.com\/index.php?rest_route=\/wp\/v2\/posts\/16010","targetHints":{"allow":["GET"]}}],"collection":[{"href":"http:\/\/web-zac.com\/index.php?rest_route=\/wp\/v2\/posts"}],"about":[{"href":"http:\/\/web-zac.com\/index.php?rest_route=\/wp\/v2\/types\/post"}],"author":[{"embeddable":true,"href":"http:\/\/web-zac.com\/index.php?rest_route=\/wp\/v2\/users\/3"}],"replies":[{"embeddable":true,"href":"http:\/\/web-zac.com\/index.php?rest_route=%2Fwp%2Fv2%2Fcomments&post=16010"}],"version-history":[{"count":2,"href":"http:\/\/web-zac.com\/index.php?rest_route=\/wp\/v2\/posts\/16010\/revisions"}],"predecessor-version":[{"id":16041,"href":"http:\/\/web-zac.com\/index.php?rest_route=\/wp\/v2\/posts\/16010\/revisions\/16041"}],"wp:featuredmedia":[{"embeddable":true,"href":"http:\/\/web-zac.com\/index.php?rest_route=\/wp\/v2\/media\/16009"}],"wp:attachment":[{"href":"http:\/\/web-zac.com\/index.php?rest_route=%2Fwp%2Fv2%2Fmedia&parent=16010"}],"wp:term":[{"taxonomy":"category","embeddable":true,"href":"http:\/\/web-zac.com\/index.php?rest_route=%2Fwp%2Fv2%2Fcategories&post=16010"},{"taxonomy":"post_tag","embeddable":true,"href":"http:\/\/web-zac.com\/index.php?rest_route=%2Fwp%2Fv2%2Ftags&post=16010"}],"curies":[{"name":"wp","href":"https:\/\/api.w.org\/{rel}","templated":true}]}}