{"id":15319,"date":"2023-08-05T20:13:10","date_gmt":"2023-08-06T01:13:10","guid":{"rendered":"http:\/\/web-zac.com\/?p=15319"},"modified":"2023-08-06T20:14:15","modified_gmt":"2023-08-07T01:14:15","slug":"exitoso-cierre-de-festivaldel-folclor-en-fresnillo","status":"publish","type":"post","link":"http:\/\/web-zac.com\/?p=15319","title":{"rendered":"EXITOSO CIERRE DE FESTIVAL\n<br>DEL FOLCLOR EN FRESNILLO\n<br>"},"content":{"rendered":"\n<figure class=\"wp-block-image\"><img loading=\"lazy\" decoding=\"async\" width=\"1024\" height=\"682\" src=\"http:\/\/web-zac.com\/wp-content\/uploads\/2023\/08\/IMG-20230805-WA0100-1024x682.jpg\" alt=\"\" class=\"wp-image-15318\" srcset=\"http:\/\/web-zac.com\/wp-content\/uploads\/2023\/08\/IMG-20230805-WA0100-1024x682.jpg 1024w, http:\/\/web-zac.com\/wp-content\/uploads\/2023\/08\/IMG-20230805-WA0100-300x200.jpg 300w, http:\/\/web-zac.com\/wp-content\/uploads\/2023\/08\/IMG-20230805-WA0100-768x512.jpg 768w, http:\/\/web-zac.com\/wp-content\/uploads\/2023\/08\/IMG-20230805-WA0100-1200x800.jpg 1200w, http:\/\/web-zac.com\/wp-content\/uploads\/2023\/08\/IMG-20230805-WA0100.jpg 1280w\" sizes=\"auto, (max-width: 1024px) 100vw, 1024px\" \/><\/figure>\n\n\n\n<p>\n<br>\u2022\tGrupos de Fresnillo, Chiapas, Polonia y Suiza se presentaron en el Teatro Echeverr\u00eda.\n<br>\n<br>Fresnillo, Zac.- El Festival Zacatecas del Folclor Internacional \u201cGustavo Vaquera Contreras\u201d cerr\u00f3 con broche de oro las actividades en Fresnillo. Esto con la presentaci\u00f3n de lujo del grupo de danza folcl\u00f3rica La Farandole de Courtepin, en el teatro Jos\u00e9 Gonz\u00e1lez Echeverr\u00eda. \n<br>El Gobierno de Fresnillo, que preside Sa\u00fal Monreal \u00c1vila, hizo posible que este festival llegara a este municipio, en coordinaci\u00f3n con el gobierno estatal. Decenas de familias disfrutaron la presentaci\u00f3n de agrupaciones folcl\u00f3ricas de la comunidad San Jos\u00e9 de Lourdes, Chiapas, Polonia y Suiza.\n<br>Con casi 90 a\u00f1os de trayectoria, La Farandole, originario de Courtepin, Suiza, deleit\u00f3 a los fresnillenses con bailes populares como polkas, farandolas, courales y valses.\n<br>Esta presentaci\u00f3n constituy\u00f3 un enriquecedor intercambio cultural, donde resaltaron las tradiciones germanas y latinas que representan a la comuna suiza. \n<br>Al t\u00e9rmino de las danzas, el director del Instituto Municipal de Cultura, Reynaldo Beache, reconoci\u00f3 la extraordinaria presentaci\u00f3n de La Farandole. En representaci\u00f3n de Sa\u00fal Monreal \u00c1vila, agradeci\u00f3 a sus integrantes por ser parte de esta colorida fiesta. \n<br>En su discurso destac\u00f3 que para el presidente municipal es de gran inter\u00e9s que eventos culturales y deportivos de primer nivel lleguen a Fresnillo para que la sociedad los disfrute; adem\u00e1s motivan a los ni\u00f1os y j\u00f3venes a interesarse por esta disciplina. \n<br>Fresnillo ser\u00e1 una de las sedes del LII Congreso Nacional de Danza 2023 \u201cMtro. V\u00edctor Miguel Saucedo Rodr\u00edguez\u201d el pr\u00f3ximo martes 9 de agosto, con la participaci\u00f3n de grupos de danza folcl\u00f3rica de 30 estados de nuestro pa\u00eds.\n<br><\/p>\n","protected":false},"excerpt":{"rendered":"<p>\u2022 Grupos de Fresnillo, Chiapas, Polonia y Suiza se presentaron en el Teatro Echeverr\u00eda. Fresnillo, Zac.- El Festival Zacatecas del Folclor Internacional \u201cGustavo Vaquera Contreras\u201d cerr\u00f3 con broche de oro las actividades en Fresnillo. Esto con la presentaci\u00f3n de lujo del grupo de danza folcl\u00f3rica La Farandole de Courtepin, en el teatro Jos\u00e9 Gonz\u00e1lez Echeverr\u00eda. [&hellip;]<\/p>\n","protected":false},"author":3,"featured_media":15318,"comment_status":"open","ping_status":"open","sticky":false,"template":"","format":"standard","meta":{"footnotes":""},"categories":[19,6],"tags":[],"class_list":["post-15319","post","type-post","status-publish","format-standard","has-post-thumbnail","hentry","category-fresnillo","category-webmunicipios"],"jetpack_featured_media_url":"http:\/\/web-zac.com\/wp-content\/uploads\/2023\/08\/IMG-20230805-WA0100.jpg","_links":{"self":[{"href":"http:\/\/web-zac.com\/index.php?rest_route=\/wp\/v2\/posts\/15319","targetHints":{"allow":["GET"]}}],"collection":[{"href":"http:\/\/web-zac.com\/index.php?rest_route=\/wp\/v2\/posts"}],"about":[{"href":"http:\/\/web-zac.com\/index.php?rest_route=\/wp\/v2\/types\/post"}],"author":[{"embeddable":true,"href":"http:\/\/web-zac.com\/index.php?rest_route=\/wp\/v2\/users\/3"}],"replies":[{"embeddable":true,"href":"http:\/\/web-zac.com\/index.php?rest_route=%2Fwp%2Fv2%2Fcomments&post=15319"}],"version-history":[{"count":1,"href":"http:\/\/web-zac.com\/index.php?rest_route=\/wp\/v2\/posts\/15319\/revisions"}],"predecessor-version":[{"id":15320,"href":"http:\/\/web-zac.com\/index.php?rest_route=\/wp\/v2\/posts\/15319\/revisions\/15320"}],"wp:featuredmedia":[{"embeddable":true,"href":"http:\/\/web-zac.com\/index.php?rest_route=\/wp\/v2\/media\/15318"}],"wp:attachment":[{"href":"http:\/\/web-zac.com\/index.php?rest_route=%2Fwp%2Fv2%2Fmedia&parent=15319"}],"wp:term":[{"taxonomy":"category","embeddable":true,"href":"http:\/\/web-zac.com\/index.php?rest_route=%2Fwp%2Fv2%2Fcategories&post=15319"},{"taxonomy":"post_tag","embeddable":true,"href":"http:\/\/web-zac.com\/index.php?rest_route=%2Fwp%2Fv2%2Ftags&post=15319"}],"curies":[{"name":"wp","href":"https:\/\/api.w.org\/{rel}","templated":true}]}}