{"id":15113,"date":"2023-07-20T08:13:18","date_gmt":"2023-07-20T13:13:18","guid":{"rendered":"http:\/\/web-zac.com\/?p=15113"},"modified":"2023-07-20T08:13:26","modified_gmt":"2023-07-20T13:13:26","slug":"nins-de-58-municipios-del-estado-tendran-utiles-escolares-gobernador-david-monreal","status":"publish","type":"post","link":"http:\/\/web-zac.com\/?p=15113","title":{"rendered":"Ni\u00f1@s de 58 municipios del estado tendr\u00e1n \u00fatiles escolares: Gobernador David Monreal"},"content":{"rendered":"\n<figure class=\"wp-block-image\"><img loading=\"lazy\" decoding=\"async\" width=\"300\" height=\"200\" src=\"http:\/\/web-zac.com\/wp-content\/uploads\/2023\/07\/IMG-20230719-WA0124-300x200.jpg\" alt=\"\" class=\"wp-image-15112\" srcset=\"http:\/\/web-zac.com\/wp-content\/uploads\/2023\/07\/IMG-20230719-WA0124-300x200.jpg 300w, http:\/\/web-zac.com\/wp-content\/uploads\/2023\/07\/IMG-20230719-WA0124-768x512.jpg 768w, http:\/\/web-zac.com\/wp-content\/uploads\/2023\/07\/IMG-20230719-WA0124.jpg 1024w\" sizes=\"auto, (max-width: 300px) 100vw, 300px\" \/><\/figure>\n\n\n\n<p> <br><br>\u25aa\ufe0fRefrenda el mandatario zacatecano su compromiso de apoyar a la econom\u00eda de las familias y continuar fortaleciendo la educaci\u00f3n p\u00fablica <br>\u25aa\ufe0fEl operativo inicia el s\u00e1bado 22 de julio y beneficiar\u00e1 a 267 mil 200 ni\u00f1as, ni\u00f1os y adolescentes<br><br>Zacatecas, Zac., 19 de julio 2023.- El Gobernador David Monreal \u00c1vila anunci\u00f3 que ya est\u00e1 todo listo para comenzar el operativo de dispersi\u00f3n de paquetes de \u00fatiles escolares para ni\u00f1as, ni\u00f1os y adolescentes de educaci\u00f3n b\u00e1sica, en los 58 municipios del estado.<br><br>En reuni\u00f3n con personal de las Secretar\u00edas de Educaci\u00f3n y Desarrollo Social, as\u00ed como de la Delegaci\u00f3n de Programas para el Desarrollo, el mandatario estatal refrend\u00f3 su compromiso con madres, padres de familia, alumnas, alumnos y todo el pueblo de Zacatecas, de ayudar en la econom\u00eda familiar y de continuar fortaleciendo esta pol\u00edtica p\u00fablica denominada Educaci\u00f3n para el Bienestar. <br><br>Porque \u00e9sa, dijo, es la esencia del movimiento del cual formamos parte, y que tiene como objetivo apoyar a quienes, por a\u00f1os, estuvieron rezagados  y sin apoyos gubernamentales.     <br><br>Ver\u00f3nica D\u00edaz Robles, delegada de Programas para el Desarrollo en Zacatecas, se\u00f1al\u00f3 la importancia de llevar a cabo esta pol\u00edtica p\u00fablica, a trav\u00e9s de la cual 267 mil 200 ni\u00f1as, ni\u00f1os y adolescentes, al igual que sus familias, se ver\u00e1n beneficiados. <br><br>En presencia de directores regionales de Educaci\u00f3n, personal del Instituto Zacatecano de Educaci\u00f3n para Adultos (IZEA), de Desarrollo Social y subdelegados de la Secretar\u00eda del Bienestar, Sergio Casas Valadez, secretario de Desarrollo Social, brind\u00f3 una capacitaci\u00f3n en la que se ofrecieron las herramientas necesarias para llevar a cabo la coordinaci\u00f3n y log\u00edstica del operativo de dispersi\u00f3n de \u00fatiles escolares, que comenzar\u00e1 este s\u00e1bado 22 de julio. <br><br>La entrega de los paquetes se realizar\u00e1 a trav\u00e9s de los macropuntos que se ubicar\u00e1n en las cabeceras municipales y de manera directa en 2 mil 828 instituciones educativas del estado.<br><br>El Secretario dijo que la entrega deber\u00e1 estar concluida antes del lunes 28 de agosto, cuando inicia el pr\u00f3ximo ciclo escolar 2023-2024, a fin de que las y los alumnos cuenten con sus \u00fatiles. <br><br>La Secretaria de Educaci\u00f3n, Maribel Villalpando Haro, destac\u00f3 el esfuerzo que se est\u00e1 haciendo desde las diferentes instituciones que participan en este operativo.<br><br>\u00c9sta es una muestra de la lealtad y el compromiso que existe por parte de la actual administraci\u00f3n para la mejora de la educaci\u00f3n, agreg\u00f3. <br><br>En la capacitaci\u00f3n para el operativo estuvieron presentes Sa\u00fal de Jes\u00fas Cordero Becerril, director general del Instituto Zacatecano de Educaci\u00f3n para Adultos; Gizel Liliana Llamas Ibarra, subsecretaria de Educaci\u00f3n Media y Superior; y Jos\u00e9 Alfredo S\u00e1nchez Mendoza, coordinador de Direcciones Regionales.<br>  <br>\u2014ooOoo\u2014<\/p>\n","protected":false},"excerpt":{"rendered":"<p>\u25aa\ufe0fRefrenda el mandatario zacatecano su compromiso de apoyar a la econom\u00eda de las familias y continuar fortaleciendo la educaci\u00f3n p\u00fablica \u25aa\ufe0fEl operativo inicia el s\u00e1bado 22 de julio y beneficiar\u00e1 a 267 mil 200 ni\u00f1as, ni\u00f1os y adolescentes Zacatecas, Zac., 19 de julio 2023.- El Gobernador David Monreal \u00c1vila anunci\u00f3 que ya est\u00e1 todo listo [&hellip;]<\/p>\n","protected":false},"author":3,"featured_media":15112,"comment_status":"open","ping_status":"open","sticky":false,"template":"","format":"standard","meta":{"footnotes":""},"categories":[4,22],"tags":[],"class_list":["post-15113","post","type-post","status-publish","format-standard","has-post-thumbnail","hentry","category-webgobierno","category-gobierno"],"jetpack_featured_media_url":"http:\/\/web-zac.com\/wp-content\/uploads\/2023\/07\/IMG-20230719-WA0124.jpg","_links":{"self":[{"href":"http:\/\/web-zac.com\/index.php?rest_route=\/wp\/v2\/posts\/15113","targetHints":{"allow":["GET"]}}],"collection":[{"href":"http:\/\/web-zac.com\/index.php?rest_route=\/wp\/v2\/posts"}],"about":[{"href":"http:\/\/web-zac.com\/index.php?rest_route=\/wp\/v2\/types\/post"}],"author":[{"embeddable":true,"href":"http:\/\/web-zac.com\/index.php?rest_route=\/wp\/v2\/users\/3"}],"replies":[{"embeddable":true,"href":"http:\/\/web-zac.com\/index.php?rest_route=%2Fwp%2Fv2%2Fcomments&post=15113"}],"version-history":[{"count":1,"href":"http:\/\/web-zac.com\/index.php?rest_route=\/wp\/v2\/posts\/15113\/revisions"}],"predecessor-version":[{"id":15114,"href":"http:\/\/web-zac.com\/index.php?rest_route=\/wp\/v2\/posts\/15113\/revisions\/15114"}],"wp:featuredmedia":[{"embeddable":true,"href":"http:\/\/web-zac.com\/index.php?rest_route=\/wp\/v2\/media\/15112"}],"wp:attachment":[{"href":"http:\/\/web-zac.com\/index.php?rest_route=%2Fwp%2Fv2%2Fmedia&parent=15113"}],"wp:term":[{"taxonomy":"category","embeddable":true,"href":"http:\/\/web-zac.com\/index.php?rest_route=%2Fwp%2Fv2%2Fcategories&post=15113"},{"taxonomy":"post_tag","embeddable":true,"href":"http:\/\/web-zac.com\/index.php?rest_route=%2Fwp%2Fv2%2Ftags&post=15113"}],"curies":[{"name":"wp","href":"https:\/\/api.w.org\/{rel}","templated":true}]}}