{"id":15093,"date":"2023-07-19T12:10:42","date_gmt":"2023-07-19T17:10:42","guid":{"rendered":"http:\/\/web-zac.com\/?p=15093"},"modified":"2023-07-19T12:10:59","modified_gmt":"2023-07-19T17:10:59","slug":"invitan-a-coloquio-interestatal-de-historia-cronica-y-arqueologia","status":"publish","type":"post","link":"http:\/\/web-zac.com\/?p=15093","title":{"rendered":"INVITAN A COLOQUIO INTERESTATAL DE HISTORIA, CR\u00d3NICA Y ARQUEOLOG\u00cdA"},"content":{"rendered":"\n<figure class=\"wp-block-image\"><img loading=\"lazy\" decoding=\"async\" width=\"662\" height=\"1024\" src=\"http:\/\/web-zac.com\/wp-content\/uploads\/2023\/07\/IMG-20230719-WA0021-662x1024.jpg\" alt=\"\" class=\"wp-image-15092\" srcset=\"http:\/\/web-zac.com\/wp-content\/uploads\/2023\/07\/IMG-20230719-WA0021-662x1024.jpg 662w, http:\/\/web-zac.com\/wp-content\/uploads\/2023\/07\/IMG-20230719-WA0021-194x300.jpg 194w, http:\/\/web-zac.com\/wp-content\/uploads\/2023\/07\/IMG-20230719-WA0021-768x1187.jpg 768w, http:\/\/web-zac.com\/wp-content\/uploads\/2023\/07\/IMG-20230719-WA0021-994x1536.jpg 994w, http:\/\/web-zac.com\/wp-content\/uploads\/2023\/07\/IMG-20230719-WA0021-776x1200.jpg 776w, http:\/\/web-zac.com\/wp-content\/uploads\/2023\/07\/IMG-20230719-WA0021.jpg 1035w\" sizes=\"auto, (max-width: 662px) 100vw, 662px\" \/><\/figure>\n\n\n\n<p>\n<br>\n<br>\u2022\tEs el primer coloquio de su tipo y su sede es Fresnillo. \n<br>\u2022\tSe realizar\u00e1 10, 11 y 12 de agosto, en el \u00c1gora \n<br>\n<br>\n<br>Fresnillo, Zac.- Fresnillo ser\u00e1 sede del Primer Coloquio Regional de Historia, Cr\u00f3nica y Arqueolog\u00eda, evento con el que se busca promover el intercambio de investigaciones e informaci\u00f3n respecto a los procesos poblacionales de esta regi\u00f3n del pa\u00eds a fin de enriquecer la historiograf\u00eda. \n<br>El presidente Sa\u00fal Monreal \u00c1vila detall\u00f3 que este evento tendr\u00e1 lugar el 10, 11 y 12 de agosto en el Centro Tur\u00edstico y Cultural \u00c1gora \u201cJos\u00e9 Gonz\u00e1lez Echeverr\u00eda\u201d. Se invita a acad\u00e9micos y p\u00fablico en general a participar con una ponencia sobre los temas: descubrimientos de lugares, poblamiento de la regi\u00f3n y fundaci\u00f3n de lugares. \n<br>Agreg\u00f3 que para el Municipio es un honor ser sede de este evento que recibir\u00e1 a acad\u00e9micos de Aguascalientes, Colima, Guanajuato, Jalisco, Michoac\u00e1n, Nayarit, Quer\u00e9taro, Coahuila, Durango, Nuevo Le\u00f3n, San Luis Potos\u00ed, Tamaulipas y Zacatecas. \n<br>En la presentaci\u00f3n de la convocatoria particip\u00f3 Federico Priapo Chew Araiza, cronista del estado de Zacatecas, quien se\u00f1al\u00f3 que en este ciclo de conferencias se promover\u00e1 la reflexi\u00f3n respecto a la historia del municipio y la regi\u00f3n. \n<br>Por ello invit\u00f3 a los interesados en participar a enviar el resumen de su ponencia a los correos drgustavodevora@yahoo.com o cronica@zacatecas.gob.mx, antes del 4 de agosto. \n<br>Reynaldo Beache P\u00e9rez, director del Instituto Municipal de Cultura, resalt\u00f3 que Fresnillo es referente en cultura, ya que al menos una vez al a\u00f1o es sede de coloquios de historia. \n<br>\n<br><\/p>\n","protected":false},"excerpt":{"rendered":"<p>\u2022 Es el primer coloquio de su tipo y su sede es Fresnillo. \u2022 Se realizar\u00e1 10, 11 y 12 de agosto, en el \u00c1gora Fresnillo, Zac.- Fresnillo ser\u00e1 sede del Primer Coloquio Regional de Historia, Cr\u00f3nica y Arqueolog\u00eda, evento con el que se busca promover el intercambio de investigaciones e informaci\u00f3n respecto a los [&hellip;]<\/p>\n","protected":false},"author":3,"featured_media":15092,"comment_status":"open","ping_status":"open","sticky":false,"template":"","format":"standard","meta":{"footnotes":""},"categories":[19,6],"tags":[],"class_list":["post-15093","post","type-post","status-publish","format-standard","has-post-thumbnail","hentry","category-fresnillo","category-webmunicipios"],"jetpack_featured_media_url":"http:\/\/web-zac.com\/wp-content\/uploads\/2023\/07\/IMG-20230719-WA0021.jpg","_links":{"self":[{"href":"http:\/\/web-zac.com\/index.php?rest_route=\/wp\/v2\/posts\/15093","targetHints":{"allow":["GET"]}}],"collection":[{"href":"http:\/\/web-zac.com\/index.php?rest_route=\/wp\/v2\/posts"}],"about":[{"href":"http:\/\/web-zac.com\/index.php?rest_route=\/wp\/v2\/types\/post"}],"author":[{"embeddable":true,"href":"http:\/\/web-zac.com\/index.php?rest_route=\/wp\/v2\/users\/3"}],"replies":[{"embeddable":true,"href":"http:\/\/web-zac.com\/index.php?rest_route=%2Fwp%2Fv2%2Fcomments&post=15093"}],"version-history":[{"count":1,"href":"http:\/\/web-zac.com\/index.php?rest_route=\/wp\/v2\/posts\/15093\/revisions"}],"predecessor-version":[{"id":15094,"href":"http:\/\/web-zac.com\/index.php?rest_route=\/wp\/v2\/posts\/15093\/revisions\/15094"}],"wp:featuredmedia":[{"embeddable":true,"href":"http:\/\/web-zac.com\/index.php?rest_route=\/wp\/v2\/media\/15092"}],"wp:attachment":[{"href":"http:\/\/web-zac.com\/index.php?rest_route=%2Fwp%2Fv2%2Fmedia&parent=15093"}],"wp:term":[{"taxonomy":"category","embeddable":true,"href":"http:\/\/web-zac.com\/index.php?rest_route=%2Fwp%2Fv2%2Fcategories&post=15093"},{"taxonomy":"post_tag","embeddable":true,"href":"http:\/\/web-zac.com\/index.php?rest_route=%2Fwp%2Fv2%2Ftags&post=15093"}],"curies":[{"name":"wp","href":"https:\/\/api.w.org\/{rel}","templated":true}]}}