{"id":14561,"date":"2023-06-20T09:39:46","date_gmt":"2023-06-20T14:39:46","guid":{"rendered":"http:\/\/web-zac.com\/?p=14561"},"modified":"2023-06-20T09:40:01","modified_gmt":"2023-06-20T14:40:01","slug":"participa-secretaria-de-salud-de-zacatecas-en-mesas-de-trabajo-para-la-estructuracion-de-la-ley-general-sobre-el-cancer","status":"publish","type":"post","link":"http:\/\/web-zac.com\/?p=14561","title":{"rendered":"Participa Secretar\u00eda de Salud de Zacatecas en mesas de trabajo para la estructuraci\u00f3n de la Ley General sobre el C\u00e1ncer"},"content":{"rendered":"\n<figure class=\"wp-block-image\"><img loading=\"lazy\" decoding=\"async\" width=\"768\" height=\"1024\" src=\"http:\/\/web-zac.com\/wp-content\/uploads\/2023\/06\/IMG-20230619-WA0188-768x1024.jpg\" alt=\"\" class=\"wp-image-14560\" srcset=\"http:\/\/web-zac.com\/wp-content\/uploads\/2023\/06\/IMG-20230619-WA0188-768x1024.jpg 768w, http:\/\/web-zac.com\/wp-content\/uploads\/2023\/06\/IMG-20230619-WA0188-225x300.jpg 225w, http:\/\/web-zac.com\/wp-content\/uploads\/2023\/06\/IMG-20230619-WA0188-900x1200.jpg 900w, http:\/\/web-zac.com\/wp-content\/uploads\/2023\/06\/IMG-20230619-WA0188.jpg 1080w\" sizes=\"auto, (max-width: 768px) 100vw, 768px\" \/><\/figure>\n\n\n\n<p><br><br>\u25aa\ufe0fUswaldo Pinedo Barrios, titular de salud en la entidad, fue invitado a  este ejercicio de vinculaci\u00f3n con organizaciones civiles para la integraci\u00f3n de esta propuesta de legislaci\u00f3n<br>\u25aa\ufe0fLa reuni\u00f3n se realiz\u00f3 en la capital del pa\u00eds y el resultado de estas mesas ser\u00e1 presentado ante el Poder Legislativo Federal <br><br>Ciudad de M\u00e9xico., 19 de junio de 2023.- Para el Gobernador David Monreal \u00c1vila el trabajo hombro a hombro con la sociedad civil organizada es un factor primordial para la toma de decisiones, y m\u00e1s en temas prioritarios como la salud, es por eso que la Secretar\u00eda de Salud de Zacatecas (SSZ),  por medio de su titular, Uswaldo Pinedo Barrios, particip\u00f3 en las mesas de trabajo para la estructuraci\u00f3n de la Ley General sobre C\u00e1ncer, ejercicio realizado en la capital del pa\u00eds, impulsado por organizaciones no gubernamentales.<br><br>La Comisi\u00f3n de Trabajo de la Sociedad Civil para Impulsar la Ley General de C\u00e1ncer en M\u00e9xico, es un organismo integrado por agrupaciones que buscan generar sinergia con la sociedad m\u00e9dica, acad\u00e9mica y de investigaci\u00f3n, as\u00ed como cada agente con inter\u00e9s genuino en el campo del control del c\u00e1ncer en M\u00e9xico, a fin de lograr una meta en com\u00fan: unir esfuerzos, trabajo y trayectorias para impulsar dicha Ley de forma coordinada con el Poder Legislativo.<br><br>En esta etapa de las reuniones, se analizar\u00e1 la perspectiva regional en el tratamiento y atenci\u00f3n a pacientes que han sido diagnosticados con esta enfermedad, por lo cual, result\u00f3 de gran importancia la participaci\u00f3n de titulares de salud en los estados como es el caso de Zacatecas.<br><br>Entre las agrupaciones que integran este colectivo se encuentran: la Asociaci\u00f3n Mexicana de Ayuda a Ni\u00f1os con C\u00e1ncer (AMANC), Fundaci\u00f3n Cima,  Casa de la Amistad, C\u00e1ncer Warriors de M\u00e9xico, Fundaci\u00f3n de Alba y otras.<br><br>\u2014ooOoo\u2014<\/p>\n","protected":false},"excerpt":{"rendered":"<p>\u25aa\ufe0fUswaldo Pinedo Barrios, titular de salud en la entidad, fue invitado a este ejercicio de vinculaci\u00f3n con organizaciones civiles para la integraci\u00f3n de esta propuesta de legislaci\u00f3n\u25aa\ufe0fLa reuni\u00f3n se realiz\u00f3 en la capital del pa\u00eds y el resultado de estas mesas ser\u00e1 presentado ante el Poder Legislativo Federal Ciudad de M\u00e9xico., 19 de junio de [&hellip;]<\/p>\n","protected":false},"author":3,"featured_media":14560,"comment_status":"open","ping_status":"open","sticky":false,"template":"","format":"standard","meta":{"footnotes":""},"categories":[4,22],"tags":[],"class_list":["post-14561","post","type-post","status-publish","format-standard","has-post-thumbnail","hentry","category-webgobierno","category-gobierno"],"jetpack_featured_media_url":"http:\/\/web-zac.com\/wp-content\/uploads\/2023\/06\/IMG-20230619-WA0188.jpg","_links":{"self":[{"href":"http:\/\/web-zac.com\/index.php?rest_route=\/wp\/v2\/posts\/14561","targetHints":{"allow":["GET"]}}],"collection":[{"href":"http:\/\/web-zac.com\/index.php?rest_route=\/wp\/v2\/posts"}],"about":[{"href":"http:\/\/web-zac.com\/index.php?rest_route=\/wp\/v2\/types\/post"}],"author":[{"embeddable":true,"href":"http:\/\/web-zac.com\/index.php?rest_route=\/wp\/v2\/users\/3"}],"replies":[{"embeddable":true,"href":"http:\/\/web-zac.com\/index.php?rest_route=%2Fwp%2Fv2%2Fcomments&post=14561"}],"version-history":[{"count":1,"href":"http:\/\/web-zac.com\/index.php?rest_route=\/wp\/v2\/posts\/14561\/revisions"}],"predecessor-version":[{"id":14562,"href":"http:\/\/web-zac.com\/index.php?rest_route=\/wp\/v2\/posts\/14561\/revisions\/14562"}],"wp:featuredmedia":[{"embeddable":true,"href":"http:\/\/web-zac.com\/index.php?rest_route=\/wp\/v2\/media\/14560"}],"wp:attachment":[{"href":"http:\/\/web-zac.com\/index.php?rest_route=%2Fwp%2Fv2%2Fmedia&parent=14561"}],"wp:term":[{"taxonomy":"category","embeddable":true,"href":"http:\/\/web-zac.com\/index.php?rest_route=%2Fwp%2Fv2%2Fcategories&post=14561"},{"taxonomy":"post_tag","embeddable":true,"href":"http:\/\/web-zac.com\/index.php?rest_route=%2Fwp%2Fv2%2Ftags&post=14561"}],"curies":[{"name":"wp","href":"https:\/\/api.w.org\/{rel}","templated":true}]}}