{"id":14552,"date":"2023-06-19T17:45:55","date_gmt":"2023-06-19T22:45:55","guid":{"rendered":"http:\/\/web-zac.com\/?p=14552"},"modified":"2023-06-19T17:46:09","modified_gmt":"2023-06-19T22:46:09","slug":"mejoraran-los-servicios-turisticos-y-comerciales-a-traves-de-la-conferencia-empresas-felices-productivas-y-exitosas","status":"publish","type":"post","link":"http:\/\/web-zac.com\/?p=14552","title":{"rendered":"MEJORAR\u00c1N LOS SERVICIOS TUR\u00cdSTICOS Y COMERCIALES A TRAV\u00c9S DE LA CONFERENCIA \u201cEMPRESAS FELICES, PRODUCTIVAS Y EXITOSAS\u201d\n<br>"},"content":{"rendered":"\n<figure class=\"wp-block-image\"><img loading=\"lazy\" decoding=\"async\" width=\"662\" height=\"1024\" src=\"http:\/\/web-zac.com\/wp-content\/uploads\/2023\/06\/IMG-20230619-WA0073-1-662x1024.jpg\" alt=\"\" class=\"wp-image-14551\" srcset=\"http:\/\/web-zac.com\/wp-content\/uploads\/2023\/06\/IMG-20230619-WA0073-1-662x1024.jpg 662w, http:\/\/web-zac.com\/wp-content\/uploads\/2023\/06\/IMG-20230619-WA0073-1-194x300.jpg 194w, http:\/\/web-zac.com\/wp-content\/uploads\/2023\/06\/IMG-20230619-WA0073-1-768x1187.jpg 768w, http:\/\/web-zac.com\/wp-content\/uploads\/2023\/06\/IMG-20230619-WA0073-1-994x1536.jpg 994w, http:\/\/web-zac.com\/wp-content\/uploads\/2023\/06\/IMG-20230619-WA0073-1-776x1200.jpg 776w, http:\/\/web-zac.com\/wp-content\/uploads\/2023\/06\/IMG-20230619-WA0073-1.jpg 1035w\" sizes=\"auto, (max-width: 662px) 100vw, 662px\" \/><\/figure>\n\n\n\n<p>\n<br>\u2022\tLa conferencia est\u00e1 dirigida a estudiantes, comerciantes y prestadores de servicios tur\u00edsticos del municipio.\n<br>\n<br>Invita el Ayuntamiento de Zacatecas a la conferencia \u201cEmpresas felices, productivas y exitosas\u201d, la cual se impartir\u00e1 el pr\u00f3ximo 22 de junio en la Casa Municipal de Cultura de Zacatecas. \n<br>\n<br>Dicha conferencia estar\u00e1 a cargo del ponente internacional de coaching de liderazgo positivo, Alberto Ortiz, y se logr\u00f3 gracias al trabajo coordinado entre el municipio y Tec Milenio. \n<br>\n<br>En el taller magistral de motivaci\u00f3n y capacitaci\u00f3n se abordar\u00e1n los temas de comunicaci\u00f3n asertiva, organizaciones positivas y empoderadas, liderazgo positivo, gesti\u00f3n del tiempo, as\u00ed como integraci\u00f3n y trabajo en equipo. \n<br>\n<br>La convocatoria est\u00e1 dirigida a estudiantes de Turismo, Historia, Administraci\u00f3n, a todo el capital humano de los hoteles, moteles, restauranteros, artesanos, comerciantes, y a todo emprendedor que busca mejorar los resultados dentro de sus negocios. \n<br>\n<br>El registro se llevar\u00e1 a cabo en la Secretar\u00eda de Desarrollo Econ\u00f3mico y Turismo y no tendr\u00e1 ning\u00fan costo. \n<br>\n<br>Alberto Ortiz, coach profesional, mencion\u00f3 que debe buscarse la salud mental para obtener m\u00e1s productividad dentro de cualquier \u00e1mbito social, por lo que promover\u00e1 en su taller la cultura del ser antes del tener. \n<br>\n<br>Dijo que abordar\u00e1 el tema de la gesti\u00f3n del tiempo, as\u00ed como liderazgo positivo para que las y los zacatecanos \u201cse comprometan a dar un cambio positivo, ya que en el estado lo tenemos todo. \n<br>\n<br>La secretaria de Desarrollo Econ\u00f3mico y Turismo, Laila Villasuso Sabag, destac\u00f3 que, al enfocarse en los sectores comerciales y tur\u00edsticos del municipio, disminuir\u00e1 la rotaci\u00f3n de personal en los centros de trabajo, y aumentar\u00e1 el compromiso del mismo. \n<br>\n<br>Jael Vargsa Carrillo, representante de la Asociaci\u00f3n Mexicana de Hoteles y Moteles del Estado, mencion\u00f3 que, para el sector tur\u00edstico, la conferencia tiene gran relevancia para abonar a tener ambientes laborales positivo y que se trasmita a los clientes para mejorar la imagen de Zacatecas. \n<br>\n<br>Para buscar mejores resultados se unieron a la presentaci\u00f3n de la conferencia Estela C\u00e1rdenas, presidenta de la Canirac Zacatecas, y Martha G\u00e1ndara, representante de la Canacozac, Servitour y la Asociaci\u00f3n Mexicana de Agencias de Viajes. \n<br>\n<br>El evento se llevar\u00e1 a cabo el jueves 22 de junio de 6:00 a 8:00 de la tarde en la Casa Municipal de Cultura.<\/p>\n","protected":false},"excerpt":{"rendered":"<p>\u2022 La conferencia est\u00e1 dirigida a estudiantes, comerciantes y prestadores de servicios tur\u00edsticos del municipio. Invita el Ayuntamiento de Zacatecas a la conferencia \u201cEmpresas felices, productivas y exitosas\u201d, la cual se impartir\u00e1 el pr\u00f3ximo 22 de junio en la Casa Municipal de Cultura de Zacatecas. Dicha conferencia estar\u00e1 a cargo del ponente internacional de coaching [&hellip;]<\/p>\n","protected":false},"author":3,"featured_media":14551,"comment_status":"open","ping_status":"open","sticky":false,"template":"","format":"standard","meta":{"footnotes":""},"categories":[6,18],"tags":[],"class_list":["post-14552","post","type-post","status-publish","format-standard","has-post-thumbnail","hentry","category-webmunicipios","category-zacatecas"],"jetpack_featured_media_url":"http:\/\/web-zac.com\/wp-content\/uploads\/2023\/06\/IMG-20230619-WA0073-1.jpg","_links":{"self":[{"href":"http:\/\/web-zac.com\/index.php?rest_route=\/wp\/v2\/posts\/14552","targetHints":{"allow":["GET"]}}],"collection":[{"href":"http:\/\/web-zac.com\/index.php?rest_route=\/wp\/v2\/posts"}],"about":[{"href":"http:\/\/web-zac.com\/index.php?rest_route=\/wp\/v2\/types\/post"}],"author":[{"embeddable":true,"href":"http:\/\/web-zac.com\/index.php?rest_route=\/wp\/v2\/users\/3"}],"replies":[{"embeddable":true,"href":"http:\/\/web-zac.com\/index.php?rest_route=%2Fwp%2Fv2%2Fcomments&post=14552"}],"version-history":[{"count":1,"href":"http:\/\/web-zac.com\/index.php?rest_route=\/wp\/v2\/posts\/14552\/revisions"}],"predecessor-version":[{"id":14553,"href":"http:\/\/web-zac.com\/index.php?rest_route=\/wp\/v2\/posts\/14552\/revisions\/14553"}],"wp:featuredmedia":[{"embeddable":true,"href":"http:\/\/web-zac.com\/index.php?rest_route=\/wp\/v2\/media\/14551"}],"wp:attachment":[{"href":"http:\/\/web-zac.com\/index.php?rest_route=%2Fwp%2Fv2%2Fmedia&parent=14552"}],"wp:term":[{"taxonomy":"category","embeddable":true,"href":"http:\/\/web-zac.com\/index.php?rest_route=%2Fwp%2Fv2%2Fcategories&post=14552"},{"taxonomy":"post_tag","embeddable":true,"href":"http:\/\/web-zac.com\/index.php?rest_route=%2Fwp%2Fv2%2Ftags&post=14552"}],"curies":[{"name":"wp","href":"https:\/\/api.w.org\/{rel}","templated":true}]}}