{"id":14548,"date":"2023-06-19T17:41:17","date_gmt":"2023-06-19T22:41:17","guid":{"rendered":"http:\/\/web-zac.com\/?p=14548"},"modified":"2023-06-19T17:41:41","modified_gmt":"2023-06-19T22:41:41","slug":"gobierno-de-saul-monrealcomprometido-con-uaz-fresnillo","status":"publish","type":"post","link":"http:\/\/web-zac.com\/?p=14548","title":{"rendered":"GOBIERNO DE SA\u00daL MONREAL,\n<br>COMPROMETIDO CON UAZ FRESNILLO"},"content":{"rendered":"\n<figure class=\"wp-block-image\"><img loading=\"lazy\" decoding=\"async\" width=\"1024\" height=\"682\" src=\"http:\/\/web-zac.com\/wp-content\/uploads\/2023\/06\/IMG-20230619-WA0074-1024x682.jpg\" alt=\"\" class=\"wp-image-14547\" srcset=\"http:\/\/web-zac.com\/wp-content\/uploads\/2023\/06\/IMG-20230619-WA0074-1024x682.jpg 1024w, http:\/\/web-zac.com\/wp-content\/uploads\/2023\/06\/IMG-20230619-WA0074-300x200.jpg 300w, http:\/\/web-zac.com\/wp-content\/uploads\/2023\/06\/IMG-20230619-WA0074-768x512.jpg 768w, http:\/\/web-zac.com\/wp-content\/uploads\/2023\/06\/IMG-20230619-WA0074-1200x800.jpg 1200w, http:\/\/web-zac.com\/wp-content\/uploads\/2023\/06\/IMG-20230619-WA0074.jpg 1280w\" sizes=\"auto, (max-width: 1024px) 100vw, 1024px\" \/><\/figure>\n\n\n\n<p>\n<br>\n<br>\u2022\tInicia construcci\u00f3n de plaza c\u00edvica, costeada con recursos municipales\n<br>\n<br>Fresnillo, Zac.- Comprometidos con la comunidad estudiantil de la Universidad Aut\u00f3noma de Zacatecas (UAZ), el presidente de Fresnillo, Sa\u00fal Monreal \u00c1vila, y el rector de dicha instituci\u00f3n, Rub\u00e9n de Jes\u00fas Ibarra Reyes, dieron el banderazo de inicio a la construcci\u00f3n de una plaza c\u00edvica en el Campus Fresnillo, en el sur de la zona urbana, donde se encuentran las unidades acad\u00e9micas de Medicina Humana y Psicolog\u00eda.\n<br>Reunido con universitarios, Sa\u00fal Monreal \u00c1vila record\u00f3 que frente a ellos asumi\u00f3 el compromiso de dignificar las instalaciones del lugar con una plaza c\u00edvica. Esta obra es de gran importancia pues no s\u00f3lo beneficia a los alumnos, sino tambi\u00e9n cambia para bien la imagen de la Universidad. \n<br>Recalc\u00f3 que est\u00e1 muy agradecido con su Alma Mater, pues en la UAZ estudi\u00f3 la preparatoria y despu\u00e9s la licenciatura en Derecho, parte importante para su formaci\u00f3n. \n<br>El presidente agreg\u00f3 que actualmente se trabaja en las aulas de la Preparatoria III, las cuales se esperan se inauguren para el pr\u00f3ximo ciclo escolar, al igual que la plaza c\u00edvica cuya edificaci\u00f3n inici\u00f3 este lunes. \n<br>En este proyecto, el gobierno municipal invierte 654 mil 960 pesos, que se usar\u00e1n para la nivelaci\u00f3n del terreno, la construcci\u00f3n de base hidr\u00e1ulica, la instalaci\u00f3n de piso de concreto con malla electros\u00f3lida y el suministro de aplicaci\u00f3n de pintura ep\u00f3xica. \n<br>El rector de la UAZ, Rub\u00e9n Ibarra Reyes, dijo que esta obra dignificar\u00e1 los espacios de la Universidad. \u201cHay que cumplirle a la comunidad fresnillense y a nuestros estudiantes\u201d.\n<br>Agreg\u00f3 que esta obra contribuye al embellecimiento de los espacios f\u00edsicos y que es fundamental para el quehacer cotidiano. Adem\u00e1s, se suma a los trabajos de la construcci\u00f3n del laboratorio, el cual tambi\u00e9n ser\u00e1 utilizado como aula multiusos y los estudiantes de Medicina podr\u00e1n sacarle mayor provecho. \n<br>Ibarra Reyes agradeci\u00f3 al alcalde por su colaboraci\u00f3n para el desarrollo del municipio y la educaci\u00f3n. Adem\u00e1s refrend\u00f3 que \u201ct\u00fa cuentas con la Universidad para que sigas transformando a Fresnillo\u201d.\n<br>En el evento, el joven Carlos Montano, estudiante de medicina, agradeci\u00f3 a las autoridades por su visita y especialmente por la obra. \u201cEs un d\u00eda hist\u00f3rico para nuestra Universidad. Tenemos un presidente que nos ha apoyado. Le agradecemos que no se le olvidara este compromiso y que siempre aporte para la Universidad\u201d.\n<br><\/p>\n","protected":false},"excerpt":{"rendered":"<p>\u2022 Inicia construcci\u00f3n de plaza c\u00edvica, costeada con recursos municipales Fresnillo, Zac.- Comprometidos con la comunidad estudiantil de la Universidad Aut\u00f3noma de Zacatecas (UAZ), el presidente de Fresnillo, Sa\u00fal Monreal \u00c1vila, y el rector de dicha instituci\u00f3n, Rub\u00e9n de Jes\u00fas Ibarra Reyes, dieron el banderazo de inicio a la construcci\u00f3n de una plaza c\u00edvica en [&hellip;]<\/p>\n","protected":false},"author":3,"featured_media":14547,"comment_status":"open","ping_status":"open","sticky":false,"template":"","format":"standard","meta":{"footnotes":""},"categories":[4,22],"tags":[],"class_list":["post-14548","post","type-post","status-publish","format-standard","has-post-thumbnail","hentry","category-webgobierno","category-gobierno"],"jetpack_featured_media_url":"http:\/\/web-zac.com\/wp-content\/uploads\/2023\/06\/IMG-20230619-WA0074.jpg","_links":{"self":[{"href":"http:\/\/web-zac.com\/index.php?rest_route=\/wp\/v2\/posts\/14548","targetHints":{"allow":["GET"]}}],"collection":[{"href":"http:\/\/web-zac.com\/index.php?rest_route=\/wp\/v2\/posts"}],"about":[{"href":"http:\/\/web-zac.com\/index.php?rest_route=\/wp\/v2\/types\/post"}],"author":[{"embeddable":true,"href":"http:\/\/web-zac.com\/index.php?rest_route=\/wp\/v2\/users\/3"}],"replies":[{"embeddable":true,"href":"http:\/\/web-zac.com\/index.php?rest_route=%2Fwp%2Fv2%2Fcomments&post=14548"}],"version-history":[{"count":1,"href":"http:\/\/web-zac.com\/index.php?rest_route=\/wp\/v2\/posts\/14548\/revisions"}],"predecessor-version":[{"id":14549,"href":"http:\/\/web-zac.com\/index.php?rest_route=\/wp\/v2\/posts\/14548\/revisions\/14549"}],"wp:featuredmedia":[{"embeddable":true,"href":"http:\/\/web-zac.com\/index.php?rest_route=\/wp\/v2\/media\/14547"}],"wp:attachment":[{"href":"http:\/\/web-zac.com\/index.php?rest_route=%2Fwp%2Fv2%2Fmedia&parent=14548"}],"wp:term":[{"taxonomy":"category","embeddable":true,"href":"http:\/\/web-zac.com\/index.php?rest_route=%2Fwp%2Fv2%2Fcategories&post=14548"},{"taxonomy":"post_tag","embeddable":true,"href":"http:\/\/web-zac.com\/index.php?rest_route=%2Fwp%2Fv2%2Ftags&post=14548"}],"curies":[{"name":"wp","href":"https:\/\/api.w.org\/{rel}","templated":true}]}}