{"id":14534,"date":"2023-06-19T17:29:43","date_gmt":"2023-06-19T22:29:43","guid":{"rendered":"http:\/\/web-zac.com\/?p=14534"},"modified":"2023-06-19T17:30:22","modified_gmt":"2023-06-19T22:30:22","slug":"proteccion-civil-fresnillo-estrena-ambulancia","status":"publish","type":"post","link":"http:\/\/web-zac.com\/?p=14534","title":{"rendered":"Protecci\u00f3n Civil Fresnillo estrena ambulancia."},"content":{"rendered":"\n<figure class=\"wp-block-image\"><img loading=\"lazy\" decoding=\"async\" width=\"1024\" height=\"682\" src=\"http:\/\/web-zac.com\/wp-content\/uploads\/2023\/06\/IMG-20230619-WA0022-1024x682.jpg\" alt=\"\" class=\"wp-image-14533\" srcset=\"http:\/\/web-zac.com\/wp-content\/uploads\/2023\/06\/IMG-20230619-WA0022-1024x682.jpg 1024w, http:\/\/web-zac.com\/wp-content\/uploads\/2023\/06\/IMG-20230619-WA0022-300x200.jpg 300w, http:\/\/web-zac.com\/wp-content\/uploads\/2023\/06\/IMG-20230619-WA0022-768x512.jpg 768w, http:\/\/web-zac.com\/wp-content\/uploads\/2023\/06\/IMG-20230619-WA0022-1200x800.jpg 1200w, http:\/\/web-zac.com\/wp-content\/uploads\/2023\/06\/IMG-20230619-WA0022.jpg 1280w\" sizes=\"auto, (max-width: 1024px) 100vw, 1024px\" \/><\/figure>\n\n\n\n<p>\n<br>Para fortalecer m\u00e1s a la corporaci\u00f3n de Protecci\u00f3n Civil y Bomberos, Sa\u00fal Monreal \u00c1vila entreg\u00f3 una ambulancia nueva al titular de este departamento V\u00edctor Ren\u00e9 Garc\u00eda Magallanes. Con esta unidad, la corporaci\u00f3n ya cuenta con tres veh\u00edculos para atender a los fresnillenses.\n<br>El presidente detall\u00f3 que se invirti\u00f3 m\u00e1s de 2 millones 100 mil pesos para su adquisici\u00f3n. Se trata de un veh\u00edculo Promaster Ram 2500, modelo 2023; autom\u00e1tica, con sirena y luces de emergencia; carro camilla, tanque de ox\u00edgeno, aspirador de secreciones y equipo inmovilizador.\n<br><\/p>\n","protected":false},"excerpt":{"rendered":"<p>Para fortalecer m\u00e1s a la corporaci\u00f3n de Protecci\u00f3n Civil y Bomberos, Sa\u00fal Monreal \u00c1vila entreg\u00f3 una ambulancia nueva al titular de este departamento V\u00edctor Ren\u00e9 Garc\u00eda Magallanes. Con esta unidad, la corporaci\u00f3n ya cuenta con tres veh\u00edculos para atender a los fresnillenses. El presidente detall\u00f3 que se invirti\u00f3 m\u00e1s de 2 millones 100 mil pesos [&hellip;]<\/p>\n","protected":false},"author":3,"featured_media":14533,"comment_status":"open","ping_status":"open","sticky":false,"template":"","format":"standard","meta":{"footnotes":""},"categories":[19,6,1],"tags":[],"class_list":["post-14534","post","type-post","status-publish","format-standard","has-post-thumbnail","hentry","category-fresnillo","category-webmunicipios","category-uncategorized"],"jetpack_featured_media_url":"http:\/\/web-zac.com\/wp-content\/uploads\/2023\/06\/IMG-20230619-WA0022.jpg","_links":{"self":[{"href":"http:\/\/web-zac.com\/index.php?rest_route=\/wp\/v2\/posts\/14534","targetHints":{"allow":["GET"]}}],"collection":[{"href":"http:\/\/web-zac.com\/index.php?rest_route=\/wp\/v2\/posts"}],"about":[{"href":"http:\/\/web-zac.com\/index.php?rest_route=\/wp\/v2\/types\/post"}],"author":[{"embeddable":true,"href":"http:\/\/web-zac.com\/index.php?rest_route=\/wp\/v2\/users\/3"}],"replies":[{"embeddable":true,"href":"http:\/\/web-zac.com\/index.php?rest_route=%2Fwp%2Fv2%2Fcomments&post=14534"}],"version-history":[{"count":1,"href":"http:\/\/web-zac.com\/index.php?rest_route=\/wp\/v2\/posts\/14534\/revisions"}],"predecessor-version":[{"id":14535,"href":"http:\/\/web-zac.com\/index.php?rest_route=\/wp\/v2\/posts\/14534\/revisions\/14535"}],"wp:featuredmedia":[{"embeddable":true,"href":"http:\/\/web-zac.com\/index.php?rest_route=\/wp\/v2\/media\/14533"}],"wp:attachment":[{"href":"http:\/\/web-zac.com\/index.php?rest_route=%2Fwp%2Fv2%2Fmedia&parent=14534"}],"wp:term":[{"taxonomy":"category","embeddable":true,"href":"http:\/\/web-zac.com\/index.php?rest_route=%2Fwp%2Fv2%2Fcategories&post=14534"},{"taxonomy":"post_tag","embeddable":true,"href":"http:\/\/web-zac.com\/index.php?rest_route=%2Fwp%2Fv2%2Ftags&post=14534"}],"curies":[{"name":"wp","href":"https:\/\/api.w.org\/{rel}","templated":true}]}}