{"id":14527,"date":"2023-06-19T17:20:15","date_gmt":"2023-06-19T22:20:15","guid":{"rendered":"http:\/\/web-zac.com\/?p=14527"},"modified":"2023-06-19T17:20:29","modified_gmt":"2023-06-19T22:20:29","slug":"david-monreal-reconoce-legado-de-antonio-aguilar-embajador-de-zacatecas-en-el-mundo","status":"publish","type":"post","link":"http:\/\/web-zac.com\/?p=14527","title":{"rendered":"David Monreal reconoce legado de Antonio Aguilar, embajador de Zacatecas en el mundo"},"content":{"rendered":"\n<figure class=\"wp-block-image\"><img loading=\"lazy\" decoding=\"async\" width=\"1024\" height=\"682\" src=\"http:\/\/web-zac.com\/wp-content\/uploads\/2023\/06\/IMG-20230619-WA0125-1024x682.jpg\" alt=\"\" class=\"wp-image-14526\" srcset=\"http:\/\/web-zac.com\/wp-content\/uploads\/2023\/06\/IMG-20230619-WA0125-1024x682.jpg 1024w, http:\/\/web-zac.com\/wp-content\/uploads\/2023\/06\/IMG-20230619-WA0125-300x200.jpg 300w, http:\/\/web-zac.com\/wp-content\/uploads\/2023\/06\/IMG-20230619-WA0125-768x511.jpg 768w, http:\/\/web-zac.com\/wp-content\/uploads\/2023\/06\/IMG-20230619-WA0125-1200x799.jpg 1200w, http:\/\/web-zac.com\/wp-content\/uploads\/2023\/06\/IMG-20230619-WA0125.jpg 1280w\" sizes=\"auto, (max-width: 1024px) 100vw, 1024px\" \/><\/figure>\n\n\n\n<p><br><br>\u25aa\ufe0fEl mandatario acudi\u00f3 a la entrega del reconocimiento a Antonio Aguilar Jim\u00e9nez, hijo del llamado Charro de M\u00e9xico, otorgado por el Poder Legislativo<br>\u25aa\ufe0fReconoci\u00f3 a la familia Aguilar por preservar la herencia musical del cantante y actor, en su d\u00e9cimo sexto aniversario luctuoso <br><br>Villanueva, Zac., 19 de junio de 2023.- El Gobernador David Monreal \u00c1vila acudi\u00f3 a la entrega del reconocimiento a Jos\u00e9 Jes\u00fas Antonio Aguilar Jim\u00e9nez, hijo de Antonio Aguilar Barraza, por su contribuci\u00f3n a la difusi\u00f3n y promoci\u00f3n de la cultura popular del estado, en el marco del XVI aniversario luctuoso del llamado Charro de M\u00e9xico.<br><br>En sesi\u00f3n solemne de la LXIV Legislatura, poder del Estado que entreg\u00f3 la presea que tambi\u00e9n lleva el nombre de \u201cAntonio Aguilar Barraza\u201d, el mandatario record\u00f3 el legado del villanovense del que, dijo, dej\u00f3 una inigualable herencia musical y cinematogr\u00e1fica pero, adem\u00e1s, por su talento, fue un embajador de Zacatecas en el mundo.<br><br>En ese sentido, reconoci\u00f3 a las y los diputados que aprobaron el punto de acuerdo para homenajearlo, a trav\u00e9s de su hijo que lleva el mismo nombre y, adem\u00e1s, agradeci\u00f3 a toda la familia Aguilar porque ellos preservan el legado del charro zacatecano fallecido hace 16 a\u00f1os.<br><br>Desde la m\u00e1xima tribuna del estado, cuya sede fue este d\u00eda la Presidencia Municipal de Villanueva, dijo que la familia Aguilar es un orgullo para Zacatecas y, por ello, destac\u00f3, el reconocimiento y la medalla entregada este d\u00eda a Antonio Aguilar Jim\u00e9nez representa el cari\u00f1o de la gente de Villanueva y de Zacatecas.<br><br>El Gobernador David Monreal agreg\u00f3 que al ser uno de los m\u00e1ximos promotores de la m\u00fasica ranchera y los corridos, Aguilar Barraza fue tambi\u00e9n promotor de obras para el bienestar de su tierra, muestra de ella fue la construcci\u00f3n de la presa Juli\u00e1n Adame, una gesti\u00f3n incansable del cantante ante varios gobiernos en turno.<br><br>Destac\u00f3 asimismo que, al igual que los restos de Antonio Aguilar, los de qui\u00e9n fuera su esposa, Flor Silvestre, descansan en el municipio de Villanueva y ello habla del amor que ambos tuvieron por Zacatecas.<br><br>Por su parte, la promotora de la iniciativa, la Diputada Susana Barrag\u00e1n, se\u00f1al\u00f3 que esta presea la entrega el Poder Legislativo para honrar y distinguir la trayectoria de hombres, mujeres, organizaciones civiles, instituciones acad\u00e9micas y p\u00fablicas que han destacado en diversas manifestaciones de la cultura popular.<br><br>Cabe se\u00f1alar que, en dicha sesi\u00f3n solemne, tambi\u00e9n estuvieron presentes villanovenses, autoridades del Poder Judicial, municipales y funcionarios y funcionarias del Gobierno de Zacatecas.<br><br>\u2014ooOoo\u2014<\/p>\n","protected":false},"excerpt":{"rendered":"<p>\u25aa\ufe0fEl mandatario acudi\u00f3 a la entrega del reconocimiento a Antonio Aguilar Jim\u00e9nez, hijo del llamado Charro de M\u00e9xico, otorgado por el Poder Legislativo\u25aa\ufe0fReconoci\u00f3 a la familia Aguilar por preservar la herencia musical del cantante y actor, en su d\u00e9cimo sexto aniversario luctuoso Villanueva, Zac., 19 de junio de 2023.- El Gobernador David Monreal \u00c1vila acudi\u00f3 [&hellip;]<\/p>\n","protected":false},"author":3,"featured_media":14526,"comment_status":"open","ping_status":"open","sticky":false,"template":"","format":"standard","meta":{"footnotes":""},"categories":[4,22,6,3],"tags":[],"class_list":["post-14527","post","type-post","status-publish","format-standard","has-post-thumbnail","hentry","category-webgobierno","category-gobierno","category-webmunicipios","category-webpolitica"],"jetpack_featured_media_url":"http:\/\/web-zac.com\/wp-content\/uploads\/2023\/06\/IMG-20230619-WA0125.jpg","_links":{"self":[{"href":"http:\/\/web-zac.com\/index.php?rest_route=\/wp\/v2\/posts\/14527","targetHints":{"allow":["GET"]}}],"collection":[{"href":"http:\/\/web-zac.com\/index.php?rest_route=\/wp\/v2\/posts"}],"about":[{"href":"http:\/\/web-zac.com\/index.php?rest_route=\/wp\/v2\/types\/post"}],"author":[{"embeddable":true,"href":"http:\/\/web-zac.com\/index.php?rest_route=\/wp\/v2\/users\/3"}],"replies":[{"embeddable":true,"href":"http:\/\/web-zac.com\/index.php?rest_route=%2Fwp%2Fv2%2Fcomments&post=14527"}],"version-history":[{"count":1,"href":"http:\/\/web-zac.com\/index.php?rest_route=\/wp\/v2\/posts\/14527\/revisions"}],"predecessor-version":[{"id":14528,"href":"http:\/\/web-zac.com\/index.php?rest_route=\/wp\/v2\/posts\/14527\/revisions\/14528"}],"wp:featuredmedia":[{"embeddable":true,"href":"http:\/\/web-zac.com\/index.php?rest_route=\/wp\/v2\/media\/14526"}],"wp:attachment":[{"href":"http:\/\/web-zac.com\/index.php?rest_route=%2Fwp%2Fv2%2Fmedia&parent=14527"}],"wp:term":[{"taxonomy":"category","embeddable":true,"href":"http:\/\/web-zac.com\/index.php?rest_route=%2Fwp%2Fv2%2Fcategories&post=14527"},{"taxonomy":"post_tag","embeddable":true,"href":"http:\/\/web-zac.com\/index.php?rest_route=%2Fwp%2Fv2%2Ftags&post=14527"}],"curies":[{"name":"wp","href":"https:\/\/api.w.org\/{rel}","templated":true}]}}