{"id":14521,"date":"2023-06-19T17:15:15","date_gmt":"2023-06-19T22:15:15","guid":{"rendered":"http:\/\/web-zac.com\/?p=14521"},"modified":"2023-06-19T17:15:25","modified_gmt":"2023-06-19T22:15:25","slug":"emprenden-estudiantes-del-telebachillerato-comunitario-proyectos-ecologicos-y-alimentarios","status":"publish","type":"post","link":"http:\/\/web-zac.com\/?p=14521","title":{"rendered":"Emprenden estudiantes del Telebachillerato Comunitario proyectos ecol\u00f3gicos y alimentarios"},"content":{"rendered":"\n<figure class=\"wp-block-image\"><img loading=\"lazy\" decoding=\"async\" width=\"1024\" height=\"615\" src=\"http:\/\/web-zac.com\/wp-content\/uploads\/2023\/06\/IMG-20230619-WA0058-1024x615.jpg\" alt=\"\" class=\"wp-image-14520\" srcset=\"http:\/\/web-zac.com\/wp-content\/uploads\/2023\/06\/IMG-20230619-WA0058-1024x615.jpg 1024w, http:\/\/web-zac.com\/wp-content\/uploads\/2023\/06\/IMG-20230619-WA0058-300x180.jpg 300w, http:\/\/web-zac.com\/wp-content\/uploads\/2023\/06\/IMG-20230619-WA0058-768x461.jpg 768w, http:\/\/web-zac.com\/wp-content\/uploads\/2023\/06\/IMG-20230619-WA0058-1536x923.jpg 1536w, http:\/\/web-zac.com\/wp-content\/uploads\/2023\/06\/IMG-20230619-WA0058-1200x721.jpg 1200w, http:\/\/web-zac.com\/wp-content\/uploads\/2023\/06\/IMG-20230619-WA0058.jpg 1600w\" sizes=\"auto, (max-width: 1024px) 100vw, 1024px\" \/><\/figure>\n\n\n\n<p><br><br>\u25aa\ufe0fCelebra Secretaria de Educaci\u00f3n que se realicen espacios en los que se da oportunidad a los j\u00f3venes de generar proyectos de autoempleo y mejoramiento del entorno <br>\u25aa\ufe0fDestacan proyectos enfocados al cuidado del medio ambiente <br><br>Zacatecas, Zac., 19 de junio de 2023.- Preocupados por las necesidades de su comunidad, decenas de estudiantes del Telebachillerato Comunitario del Estado de Zacatecas (TBCZ) emprendieron y presentaron sus creaciones en la primera Feria de Proyectos Transversales. <br><br>Esto, como parte de la estrategia educativa del Gobernador David Monreal \u00c1vila, que tiene como objetivo impulsar acciones que brinden bienestar a los estudiantes y vincularlos de forma productiva con sus comunidades.  <br><br>La Secretaria de Educaci\u00f3n, Maribel Villalpando Haro, celebr\u00f3 que, por primera, vez se realice un espacio en el que se les da la oportunidad a los j\u00f3venes de generar proyectos que les permitan auto emplearse y mejorar el entorno en el que viven, pero, sobre todo, darlos a conocer y comercializarlos. <br><br>En esta primera Feria se presentaron 15 proyectos que resultaron finalistas de una selecci\u00f3n de entre m\u00e1s de 50 planteles participantes. <br><br>Hab\u00eda aquellos que buscan embellecer su plantel mediante la reforestaci\u00f3n; otros que buscan hacer conciencia sobre el cuidado de animales en situaci\u00f3n de calle, a trav\u00e9s de esterilizaciones a bajo costo; los que intentan concientizar acerca del reciclaje para el cuidado del medio ambiente, caf\u00e9s literarios y fabricaci\u00f3n de quesos, entre otros.  <br><br>Los tres proyectos ganadores del primero, segundo y tercer lugar fueron Bloques Ecol\u00f3gicos Rubik, del plantel Granadas, de Villa Garc\u00eda; Hidropon\u00eda, del plantel Santiaguillo, de Fresnillo; y Tratamiento de Lixiviados, para obtener abono con alto contenido de nutrientes, de plantel Baluarte, tambi\u00e9n de Fresnillo.   <br><br>Viridiana P\u00e9rez Ibarra, jefa del Departamento de TBCZ, manifest\u00f3 que la esencia de este subsistema es el desarrollo de proyectos y, en este espacio, se da cuenta del trabajo que los j\u00f3venes son capaces de generar, gracias a lo aprendido en el aula y al apoyo de sus maestros. <br><br>El TBCZ es un subsistema de educaci\u00f3n media superior, que cuenta con 77 planteles en las comunidades rurales de todo el estado. En el presente ciclo escolar atiende a 2 mil 922 estudiantes.  <br><br>En el evento, estuvieron presentes, Juan Claudio Esparza Castillo, director de Educaci\u00f3n Media Superior, y especialistas en educaci\u00f3n y desarrollo de negocios, mismos que fungieron como jurado calificador. <br><br>\u2014ooOoo\u2014<\/p>\n","protected":false},"excerpt":{"rendered":"<p>\u25aa\ufe0fCelebra Secretaria de Educaci\u00f3n que se realicen espacios en los que se da oportunidad a los j\u00f3venes de generar proyectos de autoempleo y mejoramiento del entorno \u25aa\ufe0fDestacan proyectos enfocados al cuidado del medio ambiente Zacatecas, Zac., 19 de junio de 2023.- Preocupados por las necesidades de su comunidad, decenas de estudiantes del Telebachillerato Comunitario del [&hellip;]<\/p>\n","protected":false},"author":3,"featured_media":14520,"comment_status":"open","ping_status":"open","sticky":false,"template":"","format":"standard","meta":{"footnotes":""},"categories":[15,4,22],"tags":[],"class_list":["post-14521","post","type-post","status-publish","format-standard","has-post-thumbnail","hentry","category-educacion","category-webgobierno","category-gobierno"],"jetpack_featured_media_url":"http:\/\/web-zac.com\/wp-content\/uploads\/2023\/06\/IMG-20230619-WA0058.jpg","_links":{"self":[{"href":"http:\/\/web-zac.com\/index.php?rest_route=\/wp\/v2\/posts\/14521","targetHints":{"allow":["GET"]}}],"collection":[{"href":"http:\/\/web-zac.com\/index.php?rest_route=\/wp\/v2\/posts"}],"about":[{"href":"http:\/\/web-zac.com\/index.php?rest_route=\/wp\/v2\/types\/post"}],"author":[{"embeddable":true,"href":"http:\/\/web-zac.com\/index.php?rest_route=\/wp\/v2\/users\/3"}],"replies":[{"embeddable":true,"href":"http:\/\/web-zac.com\/index.php?rest_route=%2Fwp%2Fv2%2Fcomments&post=14521"}],"version-history":[{"count":1,"href":"http:\/\/web-zac.com\/index.php?rest_route=\/wp\/v2\/posts\/14521\/revisions"}],"predecessor-version":[{"id":14522,"href":"http:\/\/web-zac.com\/index.php?rest_route=\/wp\/v2\/posts\/14521\/revisions\/14522"}],"wp:featuredmedia":[{"embeddable":true,"href":"http:\/\/web-zac.com\/index.php?rest_route=\/wp\/v2\/media\/14520"}],"wp:attachment":[{"href":"http:\/\/web-zac.com\/index.php?rest_route=%2Fwp%2Fv2%2Fmedia&parent=14521"}],"wp:term":[{"taxonomy":"category","embeddable":true,"href":"http:\/\/web-zac.com\/index.php?rest_route=%2Fwp%2Fv2%2Fcategories&post=14521"},{"taxonomy":"post_tag","embeddable":true,"href":"http:\/\/web-zac.com\/index.php?rest_route=%2Fwp%2Fv2%2Ftags&post=14521"}],"curies":[{"name":"wp","href":"https:\/\/api.w.org\/{rel}","templated":true}]}}