{"id":14518,"date":"2023-06-18T20:05:48","date_gmt":"2023-06-19T01:05:48","guid":{"rendered":"http:\/\/web-zac.com\/?p=14518"},"modified":"2023-06-18T20:06:24","modified_gmt":"2023-06-19T01:06:24","slug":"entrega-gobernador-david-monreal-deposito-de-agua-potable-en-la-comunidad-la-portilla-en-nochistlan-de-mejia","status":"publish","type":"post","link":"http:\/\/web-zac.com\/?p=14518","title":{"rendered":"Entrega Gobernador David Monreal dep\u00f3sito de agua potable en la comunidad La Portilla, en Nochistl\u00e1n de Mej\u00eda"},"content":{"rendered":"\n<figure class=\"wp-block-image\"><img loading=\"lazy\" decoding=\"async\" width=\"300\" height=\"200\" src=\"http:\/\/web-zac.com\/wp-content\/uploads\/2023\/06\/IMG-20230618-WA0114-300x200.jpg\" alt=\"\" class=\"wp-image-14517\" srcset=\"http:\/\/web-zac.com\/wp-content\/uploads\/2023\/06\/IMG-20230618-WA0114-300x200.jpg 300w, http:\/\/web-zac.com\/wp-content\/uploads\/2023\/06\/IMG-20230618-WA0114-768x512.jpg 768w, http:\/\/web-zac.com\/wp-content\/uploads\/2023\/06\/IMG-20230618-WA0114.jpg 1024w\" sizes=\"auto, (max-width: 300px) 100vw, 300px\" \/><\/figure>\n\n\n\n<p><br><br>Nochistl\u00e1n de Mej\u00eda, Zac, 18 de junio de 2023.- En una acci\u00f3n m\u00e1s a favor del bienestar de las familias del territorio zacatecano, el Gobernador David Monreal \u00c1vila entreg\u00f3 un dep\u00f3sito de agua potable en la comunidad La Portilla, en Nochistl\u00e1n de Mej\u00eda.<br><br>Con otro compromiso cumplido en su intensa gira de trabajo por el Pueblo M\u00e1gico y por Apulco, el mandatario estatal inaugur\u00f3 esta cisterna, que tiene una capacidad de almacenamiento de 10 mil 600 litros, y que abastecer\u00e1 a casi 600 habitantes de las localidades La Portilla y Tayahua de Arriba.<br><br>La construcci\u00f3n de este dep\u00f3sito de agua potable requiri\u00f3 una inversi\u00f3n de 2.2 millones de pesos, que, bajo la supervisi\u00f3n de la Secretar\u00eda de Obras P\u00fablicas (SOP), dirigida por Guillermo Carrillo Pasillas, tambi\u00e9n contempl\u00f3 la instalaci\u00f3n de una l\u00ednea de conducci\u00f3n de 2 kil\u00f3metros con tuber\u00eda hidr\u00e1ulica.<br><br>\u2014ooOoo\u2014<\/p>\n","protected":false},"excerpt":{"rendered":"<p>Nochistl\u00e1n de Mej\u00eda, Zac, 18 de junio de 2023.- En una acci\u00f3n m\u00e1s a favor del bienestar de las familias del territorio zacatecano, el Gobernador David Monreal \u00c1vila entreg\u00f3 un dep\u00f3sito de agua potable en la comunidad La Portilla, en Nochistl\u00e1n de Mej\u00eda. Con otro compromiso cumplido en su intensa gira de trabajo por el [&hellip;]<\/p>\n","protected":false},"author":3,"featured_media":14517,"comment_status":"open","ping_status":"open","sticky":false,"template":"","format":"standard","meta":{"footnotes":""},"categories":[1],"tags":[],"class_list":["post-14518","post","type-post","status-publish","format-standard","has-post-thumbnail","hentry","category-uncategorized"],"jetpack_featured_media_url":"http:\/\/web-zac.com\/wp-content\/uploads\/2023\/06\/IMG-20230618-WA0114.jpg","_links":{"self":[{"href":"http:\/\/web-zac.com\/index.php?rest_route=\/wp\/v2\/posts\/14518","targetHints":{"allow":["GET"]}}],"collection":[{"href":"http:\/\/web-zac.com\/index.php?rest_route=\/wp\/v2\/posts"}],"about":[{"href":"http:\/\/web-zac.com\/index.php?rest_route=\/wp\/v2\/types\/post"}],"author":[{"embeddable":true,"href":"http:\/\/web-zac.com\/index.php?rest_route=\/wp\/v2\/users\/3"}],"replies":[{"embeddable":true,"href":"http:\/\/web-zac.com\/index.php?rest_route=%2Fwp%2Fv2%2Fcomments&post=14518"}],"version-history":[{"count":1,"href":"http:\/\/web-zac.com\/index.php?rest_route=\/wp\/v2\/posts\/14518\/revisions"}],"predecessor-version":[{"id":14519,"href":"http:\/\/web-zac.com\/index.php?rest_route=\/wp\/v2\/posts\/14518\/revisions\/14519"}],"wp:featuredmedia":[{"embeddable":true,"href":"http:\/\/web-zac.com\/index.php?rest_route=\/wp\/v2\/media\/14517"}],"wp:attachment":[{"href":"http:\/\/web-zac.com\/index.php?rest_route=%2Fwp%2Fv2%2Fmedia&parent=14518"}],"wp:term":[{"taxonomy":"category","embeddable":true,"href":"http:\/\/web-zac.com\/index.php?rest_route=%2Fwp%2Fv2%2Fcategories&post=14518"},{"taxonomy":"post_tag","embeddable":true,"href":"http:\/\/web-zac.com\/index.php?rest_route=%2Fwp%2Fv2%2Ftags&post=14518"}],"curies":[{"name":"wp","href":"https:\/\/api.w.org\/{rel}","templated":true}]}}