{"id":14048,"date":"2023-05-25T16:57:29","date_gmt":"2023-05-25T21:57:29","guid":{"rendered":"http:\/\/web-zac.com\/?p=14048"},"modified":"2023-05-25T16:57:47","modified_gmt":"2023-05-25T21:57:47","slug":"asiste-david-monreal-avila-a-reunion-con-el-presidente-de-mexico-andres-manuel-lopez-obrador-en-palacio-nacional","status":"publish","type":"post","link":"http:\/\/web-zac.com\/?p=14048","title":{"rendered":"Asiste David Monreal \u00c1vila a reuni\u00f3n con el Presidente de M\u00e9xico, Andr\u00e9s Manuel L\u00f3pez Obrador, en Palacio Nacional<br>"},"content":{"rendered":"\n<figure class=\"wp-block-image\"><img loading=\"lazy\" decoding=\"async\" width=\"1024\" height=\"576\" src=\"http:\/\/web-zac.com\/wp-content\/uploads\/2023\/05\/IMG-20230524-WA0157-1024x576.jpg\" alt=\"\" class=\"wp-image-14047\" srcset=\"http:\/\/web-zac.com\/wp-content\/uploads\/2023\/05\/IMG-20230524-WA0157-1024x576.jpg 1024w, http:\/\/web-zac.com\/wp-content\/uploads\/2023\/05\/IMG-20230524-WA0157-300x169.jpg 300w, http:\/\/web-zac.com\/wp-content\/uploads\/2023\/05\/IMG-20230524-WA0157-768x432.jpg 768w, http:\/\/web-zac.com\/wp-content\/uploads\/2023\/05\/IMG-20230524-WA0157-1536x864.jpg 1536w, http:\/\/web-zac.com\/wp-content\/uploads\/2023\/05\/IMG-20230524-WA0157-1200x675.jpg 1200w, http:\/\/web-zac.com\/wp-content\/uploads\/2023\/05\/IMG-20230524-WA0157.jpg 1600w\" sizes=\"auto, (max-width: 1024px) 100vw, 1024px\" \/><\/figure>\n\n\n\n<p><br>\u25aa\ufe0fAdem\u00e1s de temas prioritarios de beneficio y protecci\u00f3n de la poblaci\u00f3n, se revisaron acciones y compromisos del Presidente con Zacatecas, como .- Este mi\u00e9rcoles, el Gobernador David Monreal \u00c1vila asisti\u00f3 a una reuni\u00f3n con el Presidente Andr\u00e9s Manuel L\u00f3pez Obrador, a la que fueron convocados gobernadores y gobernadoras del pa\u00eds, servidores p\u00fablicos del Gobierno de M\u00e9xico, as\u00ed como delegados y delegadas de Programas para el Bienestar.<br><br>En este encuentro, realizado en Palacio Nacional, y en el que estuvo presente Ver\u00f3nica D\u00edaz Robles, delegada de Programas para el Desarrollo en Zacatecas, se abordaron temas y asuntos prioritarios para beneficio y protecci\u00f3n de la poblaci\u00f3n de todo M\u00e9xico.<br><br>Ah\u00ed, se realiz\u00f3 una evaluaci\u00f3n de los Programas para el Bienestar que implementa el Gobierno de M\u00e9xico en Zacatecas, como son la Pensi\u00f3n para Adultos Mayores y Personas con Discapacidad, as\u00ed como J\u00f3venes Construyendo el Futuro, en los que existe una estrecha colaboraci\u00f3n con el Gobierno del Estado, lo que incide positivamente en el bienestar y progreso de las familias.<br><br>De la misma manera, se revisaron las acciones y compromisos hechos por el Presidente Andr\u00e9s Manuel L\u00f3pez Obrador con Zacatecas, como son la n\u00f3mina educativa y los apoyos extraordinarios para la construcci\u00f3n y reconstrucci\u00f3n de carreteras en todo el territorio estatal.<br><br>Asimismo, el Gobernador David Monreal y el Gabinete de Seguridad analizaron temas como el reforzamiento de la seguridad, para continuar con la disminuci\u00f3n de los \u00edndices delictivos en la entidad, que se debe a la estrategia conjunta entre los Gobiernos de Zacatecas y el de M\u00e9xico, y a la coordinaci\u00f3n entre la Secretar\u00eda de la Defensa Nacional (Sedena), Guardia Nacional y la Polic\u00eda Estatal Preventiva (PEP), a trav\u00e9s de las Fuerzas de Reacci\u00f3n Inmediata Zacatecas (FRIZ).<br><br>Al igual que el Gobernador David Monreal, a esta reuni\u00f3n asistieron las y los mandatarios de Baja California, Marina del Pilar \u00c1vila Olmeda; Baja California Sur, V\u00edctor Manuel Castro Cos\u00edo; Campeche, Layda Elena Sansores San Rom\u00e1n; Chiapas, Rutilio Escand\u00f3n Cadenas; Ciudad de M\u00e9xico, Claudia Sheinbaum; Colima, Indira Vizca\u00edno Silva; Guerrero, Evelyn Salgado; Hidalgo, Julio Ram\u00f3n Menchaca Salazar; Michoac\u00e1n, Alfredo Ram\u00edrez Bedolla; Morelos, Cuauht\u00e9moc Blanco; y Nayarit, Miguel \u00c1ngel Navarro Quintero. <br><br>Tambi\u00e9n acudieron las y los gobernadores de Oaxaca, Salom\u00f3n Jara Cruz; Puebla, Sergio Salom\u00f3n C\u00e9spedes; Quintana Roo, Mara Lezama Espinosa; San Luis Potos\u00ed, Ricardo Gallardo Cardona; Sinaloa, Rub\u00e9n Rocha Moya; Sonora, Alfonso Durazo Monta\u00f1o; Tabasco, Carlos Manuel Merino Campos; Tamaulipas, Am\u00e9rico Villarreal Anaya; Tlaxcala, Lorena Cu\u00e9llar Cisneros; y de Veracruz, Cuitl\u00e1huac Garc\u00eda Jim\u00e9nez.<br><br>Por parte del Gobierno de M\u00e9xico, estuvieron presentes las secretarias de Seguridad y Protecci\u00f3n Ciudadana, Rosa Icela Rodr\u00edguez Vel\u00e1zquez, y del Bienestar, Ariadna Montiel Reyes; el Secretario de Gobernaci\u00f3n, Ad\u00e1n Augusto L\u00f3pez Hern\u00e1ndez, y el Secretario T\u00e9cnico y Coordinador General de Programas para el Bienestar, Carlos Torres Rosas.<br><br>Adem\u00e1s de delegadas y delegados de Programas para el Bienestar, tambi\u00e9n acudieron las y los subsecretarios de Derechos Humanos, Alejandro Encinas Rodr\u00edguez; de Empleo y Productividad Laboral, Marath Bola\u00f1os L\u00f3pez; de Inclusi\u00f3n Productiva y Desarrollo Rural, Ra\u00fal Paul\u00edn Hern\u00e1ndez, y de Autosuficiencia Alimentaria, V\u00edctor Su\u00e1rez Carrera; as\u00ed como el Coordinador Nacional de Becas para el Bienestar Benito Ju\u00e1rez, Abraham V\u00e1zquez Piceno. <br><br>\u2014ooOoo\u2014<\/p>\n","protected":false},"excerpt":{"rendered":"<p>\u25aa\ufe0fAdem\u00e1s de temas prioritarios de beneficio y protecci\u00f3n de la poblaci\u00f3n, se revisaron acciones y compromisos del Presidente con Zacatecas, como .- Este mi\u00e9rcoles, el Gobernador David Monreal \u00c1vila asisti\u00f3 a una reuni\u00f3n con el Presidente Andr\u00e9s Manuel L\u00f3pez Obrador, a la que fueron convocados gobernadores y gobernadoras del pa\u00eds, servidores p\u00fablicos del Gobierno de [&hellip;]<\/p>\n","protected":false},"author":3,"featured_media":14047,"comment_status":"open","ping_status":"open","sticky":false,"template":"","format":"standard","meta":{"footnotes":""},"categories":[4,22],"tags":[],"class_list":["post-14048","post","type-post","status-publish","format-standard","has-post-thumbnail","hentry","category-webgobierno","category-gobierno"],"jetpack_featured_media_url":"http:\/\/web-zac.com\/wp-content\/uploads\/2023\/05\/IMG-20230524-WA0157.jpg","_links":{"self":[{"href":"http:\/\/web-zac.com\/index.php?rest_route=\/wp\/v2\/posts\/14048","targetHints":{"allow":["GET"]}}],"collection":[{"href":"http:\/\/web-zac.com\/index.php?rest_route=\/wp\/v2\/posts"}],"about":[{"href":"http:\/\/web-zac.com\/index.php?rest_route=\/wp\/v2\/types\/post"}],"author":[{"embeddable":true,"href":"http:\/\/web-zac.com\/index.php?rest_route=\/wp\/v2\/users\/3"}],"replies":[{"embeddable":true,"href":"http:\/\/web-zac.com\/index.php?rest_route=%2Fwp%2Fv2%2Fcomments&post=14048"}],"version-history":[{"count":1,"href":"http:\/\/web-zac.com\/index.php?rest_route=\/wp\/v2\/posts\/14048\/revisions"}],"predecessor-version":[{"id":14049,"href":"http:\/\/web-zac.com\/index.php?rest_route=\/wp\/v2\/posts\/14048\/revisions\/14049"}],"wp:featuredmedia":[{"embeddable":true,"href":"http:\/\/web-zac.com\/index.php?rest_route=\/wp\/v2\/media\/14047"}],"wp:attachment":[{"href":"http:\/\/web-zac.com\/index.php?rest_route=%2Fwp%2Fv2%2Fmedia&parent=14048"}],"wp:term":[{"taxonomy":"category","embeddable":true,"href":"http:\/\/web-zac.com\/index.php?rest_route=%2Fwp%2Fv2%2Fcategories&post=14048"},{"taxonomy":"post_tag","embeddable":true,"href":"http:\/\/web-zac.com\/index.php?rest_route=%2Fwp%2Fv2%2Ftags&post=14048"}],"curies":[{"name":"wp","href":"https:\/\/api.w.org\/{rel}","templated":true}]}}