{"id":14039,"date":"2023-05-24T17:36:25","date_gmt":"2023-05-24T22:36:25","guid":{"rendered":"http:\/\/web-zac.com\/?p=14039"},"modified":"2023-05-24T17:37:31","modified_gmt":"2023-05-24T22:37:31","slug":"invitan-a-fresnillenses-a-participar-en-cabalgata","status":"publish","type":"post","link":"http:\/\/web-zac.com\/?p=14039","title":{"rendered":"INVITAN A FRESNILLENSES A PARTICIPAR EN CABALGATA \n<br>"},"content":{"rendered":"\n<figure class=\"wp-block-image\"><img loading=\"lazy\" decoding=\"async\" width=\"662\" height=\"1024\" src=\"http:\/\/web-zac.com\/wp-content\/uploads\/2023\/05\/IMG-20230524-WA0058-662x1024.jpg\" alt=\"\" class=\"wp-image-14038\" srcset=\"http:\/\/web-zac.com\/wp-content\/uploads\/2023\/05\/IMG-20230524-WA0058-662x1024.jpg 662w, http:\/\/web-zac.com\/wp-content\/uploads\/2023\/05\/IMG-20230524-WA0058-194x300.jpg 194w, http:\/\/web-zac.com\/wp-content\/uploads\/2023\/05\/IMG-20230524-WA0058-768x1187.jpg 768w, http:\/\/web-zac.com\/wp-content\/uploads\/2023\/05\/IMG-20230524-WA0058-994x1536.jpg 994w, http:\/\/web-zac.com\/wp-content\/uploads\/2023\/05\/IMG-20230524-WA0058-776x1200.jpg 776w, http:\/\/web-zac.com\/wp-content\/uploads\/2023\/05\/IMG-20230524-WA0058.jpg 1035w\" sizes=\"auto, (max-width: 662px) 100vw, 662px\" \/><\/figure>\n\n\n\n<p>\n<br>\u2022\tSe realizar\u00e1 el 28 de mayo a partir de las 10 de la ma\u00f1ana, saliendo del 97\/o. Batall\u00f3n.\n<br>\n<br>Fresnillo, Zac.- El presidente municipal, Sa\u00fal Monreal \u00c1vila, invit\u00f3 a cabalgantes y a la ciudadan\u00eda en general a disfrutar de la segunda cabalgata en el marco del bicentenario del Heroico Colegio Militar, este domingo 28 de mayo.\n<br>El coronel Manuel Alejandro Guti\u00e9rrez Alonzo, comandante del 97\/o. Batall\u00f3n de Infanter\u00eda, explic\u00f3 que el recorrido iniciar\u00e1 en las instalaciones militares a las 10 de la ma\u00f1ana. Continuar\u00e1 por la avenida Plateros, luego Paseo del Mineral, Jes\u00fas Varela Rico y concluir\u00e1 en las instalaciones de la feria, donde se instalar\u00e1n diversos m\u00f3dulos de actividades del trabajo que realiza el personal militar. \n<br>El comandante hizo la invitaci\u00f3n abierta a cabalgantes y jinetes de comunidades y municipios aleda\u00f1os a participar en la cabalgata que recorrer\u00e1 8 kil\u00f3metros y la cual se realiza para reforzar las acciones de proximidad y abonar a que cambie la percepci\u00f3n de seguridad en el municipio, donde los tres \u00f3rdenes de gobierno trabajar arduamente.  \n<br>Sa\u00fal Monreal \u00c1vila agradeci\u00f3 al comandante por esta iniciativa que fortalece las actividades de proximidad  realizadas en coordinaci\u00f3n del Ayuntamiento y el personal militar, donde destacan rodadas, paseos dominicales, carreras, entre otros. \n<br>\n<br>\n<br><\/p>\n","protected":false},"excerpt":{"rendered":"<p>\u2022 Se realizar\u00e1 el 28 de mayo a partir de las 10 de la ma\u00f1ana, saliendo del 97\/o. Batall\u00f3n. Fresnillo, Zac.- El presidente municipal, Sa\u00fal Monreal \u00c1vila, invit\u00f3 a cabalgantes y a la ciudadan\u00eda en general a disfrutar de la segunda cabalgata en el marco del bicentenario del Heroico Colegio Militar, este domingo 28 de [&hellip;]<\/p>\n","protected":false},"author":3,"featured_media":0,"comment_status":"open","ping_status":"open","sticky":false,"template":"","format":"standard","meta":{"footnotes":""},"categories":[1],"tags":[],"class_list":["post-14039","post","type-post","status-publish","format-standard","hentry","category-uncategorized"],"jetpack_featured_media_url":"","_links":{"self":[{"href":"http:\/\/web-zac.com\/index.php?rest_route=\/wp\/v2\/posts\/14039","targetHints":{"allow":["GET"]}}],"collection":[{"href":"http:\/\/web-zac.com\/index.php?rest_route=\/wp\/v2\/posts"}],"about":[{"href":"http:\/\/web-zac.com\/index.php?rest_route=\/wp\/v2\/types\/post"}],"author":[{"embeddable":true,"href":"http:\/\/web-zac.com\/index.php?rest_route=\/wp\/v2\/users\/3"}],"replies":[{"embeddable":true,"href":"http:\/\/web-zac.com\/index.php?rest_route=%2Fwp%2Fv2%2Fcomments&post=14039"}],"version-history":[{"count":1,"href":"http:\/\/web-zac.com\/index.php?rest_route=\/wp\/v2\/posts\/14039\/revisions"}],"predecessor-version":[{"id":14040,"href":"http:\/\/web-zac.com\/index.php?rest_route=\/wp\/v2\/posts\/14039\/revisions\/14040"}],"wp:attachment":[{"href":"http:\/\/web-zac.com\/index.php?rest_route=%2Fwp%2Fv2%2Fmedia&parent=14039"}],"wp:term":[{"taxonomy":"category","embeddable":true,"href":"http:\/\/web-zac.com\/index.php?rest_route=%2Fwp%2Fv2%2Fcategories&post=14039"},{"taxonomy":"post_tag","embeddable":true,"href":"http:\/\/web-zac.com\/index.php?rest_route=%2Fwp%2Fv2%2Ftags&post=14039"}],"curies":[{"name":"wp","href":"https:\/\/api.w.org\/{rel}","templated":true}]}}