{"id":14036,"date":"2023-05-24T17:18:47","date_gmt":"2023-05-24T22:18:47","guid":{"rendered":"http:\/\/web-zac.com\/?p=14036"},"modified":"2023-05-24T17:18:57","modified_gmt":"2023-05-24T22:18:57","slug":"presenta-jucopo-avances-de-la-productividad-que-ha-tenido-la-lxiv-legislatura","status":"publish","type":"post","link":"http:\/\/web-zac.com\/?p=14036","title":{"rendered":"Presenta JUCOPO avances de la productividad que ha tenido la LXIV Legislatura"},"content":{"rendered":"\n<figure class=\"wp-block-image\"><img loading=\"lazy\" decoding=\"async\" width=\"1024\" height=\"682\" src=\"http:\/\/web-zac.com\/wp-content\/uploads\/2023\/05\/IMG-20230524-WA0070-1024x682.jpg\" alt=\"\" class=\"wp-image-14035\" srcset=\"http:\/\/web-zac.com\/wp-content\/uploads\/2023\/05\/IMG-20230524-WA0070-1024x682.jpg 1024w, http:\/\/web-zac.com\/wp-content\/uploads\/2023\/05\/IMG-20230524-WA0070-300x200.jpg 300w, http:\/\/web-zac.com\/wp-content\/uploads\/2023\/05\/IMG-20230524-WA0070-768x512.jpg 768w, http:\/\/web-zac.com\/wp-content\/uploads\/2023\/05\/IMG-20230524-WA0070-1536x1023.jpg 1536w, http:\/\/web-zac.com\/wp-content\/uploads\/2023\/05\/IMG-20230524-WA0070-1200x800.jpg 1200w, http:\/\/web-zac.com\/wp-content\/uploads\/2023\/05\/IMG-20230524-WA0070.jpg 1600w\" sizes=\"auto, (max-width: 1024px) 100vw, 1024px\" \/><\/figure>\n\n\n\n<p>\n<br>\n<br>El presidente de la Junta de Coordinaci\u00f3n Pol\u00edtica, diputado Enrique Laviada Cirerol, inform\u00f3 ante los representantes de los medios de comunicaci\u00f3n local los avances en materia de Productividad Legislativa, en atenci\u00f3n al compromiso de trabajar por el mejoramiento del marco legal que rige a Zacatecas. Las diputadas y diputado Karla Dejanira Valdez Espinoza, Maribel Galv\u00e1n Jim\u00e9nez y Jos\u00e9 Juan Estrada Hern\u00e1ndez, tambi\u00e9n participaron en la conferencia de prensa, haciendo menci\u00f3n a los asuntos en los que han trabajado recientemente. \n<br>\n<br>El presidente de la JUCOPO, diputado Enrique Laviada Cirerol, anunci\u00f3 que se est\u00e1 cumpliendo en atender asuntos de gran trascendencia, algunos de ellos incluso calificados por la sociedad como hechos hist\u00f3ricos, por lo que dijo que \u00e9sta Legislatura podr\u00e1 cerrar como una de las de mayor productividad.\n<br>\n<br>Detall\u00f3 que desde el inicio de la LXIV Legislatura y hasta el d\u00eda de ayer, se han expedido 311 decretos legislativos, de los cuales 124 corresponden a Leyes de Ingresos y Paquete Econ\u00f3mico, 74 cuentas p\u00fablicas municipales, y 113 reformas legales relativas a aspectos como derechos humanos, gobernabilidad, seguridad p\u00fablica, turismo, cultura, protecci\u00f3n civil, laboral, administrativa, desarrollo rural, protecci\u00f3n de mujeres, disciplina financiera, participaci\u00f3n ciudadana, entre otras materias.\n<br>\n<br>Adem\u00e1s, el diputado Laviada Cirerol detall\u00f3 que de estas 113 reformas realizadas por el Poder Legislativo, 9 no han sido publicadas a\u00fan, por lo que urgi\u00f3 a la Coordinaci\u00f3n General Jur\u00eddica del Gobierno del Estado para publicar estos decretos; por otra parte, se\u00f1al\u00f3 que muchas de las leyes expedidas por este Poder, no cuentan con reglamento, ya que expedirlos es facultad del Poder Ejecutivo, y tampoco ha sido atendida esta cuesti\u00f3n. \n<br>\n<br>Al respecto, la diputada Karla Dejanira Valdez Espinoza pidi\u00f3 al jur\u00eddico del Estado la reglamentaci\u00f3n de la Ley de Salud Mental, la cual record\u00f3, fue promovida por Norma Castorena; se\u00f1al\u00f3 que desde la Coordinaci\u00f3n General Jur\u00eddica no ha habido eco para esta reglamentaci\u00f3n que ayudar\u00eda a prevenir casos de suicidio en el Estado, urgiendo a que la Salud Mental en nuestra entidad sea promovida.\n<br>En otro tema, coment\u00f3 que se ha trabajado de la mano con el alcalde de Valpara\u00edso, Eleuterio Ramos, para atender el conflicto en Bernalejo de la Sierra, relatando que en conjunto con el diputado Jos\u00e9 Juan Estrada Hern\u00e1ndez, han solicitado al gobierno de Durango la instalaci\u00f3n de una mesa de trabajo con autoridades de la entidad y de Zacatecas para resolver el problema.\n<br>\n<br>El diputado Jos\u00e9 Juan Estrada Hern\u00e1ndez dijo que otra vez existe una alerta sobre el conflicto en el Ejido de Bernalejo, donde el pasado fin de semana estuvieron alrededor de 600 ind\u00edgenas Tepehuanos reunidos en San Rafael de las Tablas y hubo una confrontaci\u00f3n importante, pues est\u00e1n exigiendo el respeto a un decreto para reclamar una gran parte del territorio de Valpara\u00edso.\n<br>\n<br>El legislador record\u00f3 el antecedente que se tiene de cuando en 2013 Zacatecas se vio perjudicado porque el gobierno no pudo intervenir, por lo que Estrada Hern\u00e1ndez urgi\u00f3 a las autoridades a que se pueda injerir para que no se afecte nuevamente a la entidad, y tambi\u00e9n para que no se desate una situaci\u00f3n de violencia.\n<br>\n<br>Finalmente, la diputada Maribel Galv\u00e1n Jim\u00e9nez habl\u00f3 de la aprobaci\u00f3n que el d\u00eda de ayer se dio durante la sesi\u00f3n ordinaria, sobre reformas a la Ley del Sistema Estatal de Seguridad P\u00fablica y la Ley de Prevenci\u00f3n Social de la Violencia y la Delincuencia, que fue de una iniciativa propia presentada en el 2022, y que abona a la armonizaci\u00f3n de la legislaci\u00f3n local con la federal en materia de prevenci\u00f3n del delito, y que asegur\u00f3, surge de la inmediata necesidad de contener las actividades delictivas, e involucra a los tres niveles de gobierno en las tareas.\n<br>\n<br>Sobre el conflicto en Valpara\u00edso, la legisladora Galv\u00e1n Jim\u00e9nez se\u00f1al\u00f3 que ya fue del conocimiento de los tribunales agrarios, que es la v\u00eda para la soluci\u00f3n civilizada de conflictos, por lo que dijo que ahora que el gobierno de Durango ha abierto una nueva mesa de di\u00e1logo, se est\u00e1 en la espera de una soluci\u00f3n al a\u00f1ejo problema que tambi\u00e9n genera problemas de inseguridad. \n<br>\n<br>\n<br><\/p>\n","protected":false},"excerpt":{"rendered":"<p>El presidente de la Junta de Coordinaci\u00f3n Pol\u00edtica, diputado Enrique Laviada Cirerol, inform\u00f3 ante los representantes de los medios de comunicaci\u00f3n local los avances en materia de Productividad Legislativa, en atenci\u00f3n al compromiso de trabajar por el mejoramiento del marco legal que rige a Zacatecas. Las diputadas y diputado Karla Dejanira Valdez Espinoza, Maribel Galv\u00e1n [&hellip;]<\/p>\n","protected":false},"author":3,"featured_media":14035,"comment_status":"open","ping_status":"open","sticky":false,"template":"","format":"standard","meta":{"footnotes":""},"categories":[3],"tags":[],"class_list":["post-14036","post","type-post","status-publish","format-standard","has-post-thumbnail","hentry","category-webpolitica"],"jetpack_featured_media_url":"http:\/\/web-zac.com\/wp-content\/uploads\/2023\/05\/IMG-20230524-WA0070.jpg","_links":{"self":[{"href":"http:\/\/web-zac.com\/index.php?rest_route=\/wp\/v2\/posts\/14036","targetHints":{"allow":["GET"]}}],"collection":[{"href":"http:\/\/web-zac.com\/index.php?rest_route=\/wp\/v2\/posts"}],"about":[{"href":"http:\/\/web-zac.com\/index.php?rest_route=\/wp\/v2\/types\/post"}],"author":[{"embeddable":true,"href":"http:\/\/web-zac.com\/index.php?rest_route=\/wp\/v2\/users\/3"}],"replies":[{"embeddable":true,"href":"http:\/\/web-zac.com\/index.php?rest_route=%2Fwp%2Fv2%2Fcomments&post=14036"}],"version-history":[{"count":1,"href":"http:\/\/web-zac.com\/index.php?rest_route=\/wp\/v2\/posts\/14036\/revisions"}],"predecessor-version":[{"id":14037,"href":"http:\/\/web-zac.com\/index.php?rest_route=\/wp\/v2\/posts\/14036\/revisions\/14037"}],"wp:featuredmedia":[{"embeddable":true,"href":"http:\/\/web-zac.com\/index.php?rest_route=\/wp\/v2\/media\/14035"}],"wp:attachment":[{"href":"http:\/\/web-zac.com\/index.php?rest_route=%2Fwp%2Fv2%2Fmedia&parent=14036"}],"wp:term":[{"taxonomy":"category","embeddable":true,"href":"http:\/\/web-zac.com\/index.php?rest_route=%2Fwp%2Fv2%2Fcategories&post=14036"},{"taxonomy":"post_tag","embeddable":true,"href":"http:\/\/web-zac.com\/index.php?rest_route=%2Fwp%2Fv2%2Ftags&post=14036"}],"curies":[{"name":"wp","href":"https:\/\/api.w.org\/{rel}","templated":true}]}}