{"id":14030,"date":"2023-05-24T15:57:36","date_gmt":"2023-05-24T20:57:36","guid":{"rendered":"http:\/\/web-zac.com\/?p=14030"},"modified":"2023-05-24T15:57:45","modified_gmt":"2023-05-24T20:57:45","slug":"renovar-el-arte-y-democratizar-la-cultura-es-la-voluntad-del-gobernador-david-monreal-rodrigo-reyes","status":"publish","type":"post","link":"http:\/\/web-zac.com\/?p=14030","title":{"rendered":"Renovar el arte y democratizar la cultura es la voluntad del Gobernador David Monreal: Rodrigo Reyes<br>"},"content":{"rendered":"\n<figure class=\"wp-block-image\"><img loading=\"lazy\" decoding=\"async\" width=\"300\" height=\"200\" src=\"http:\/\/web-zac.com\/wp-content\/uploads\/2023\/05\/IMG-20230523-WA0204-300x200.jpg\" alt=\"\" class=\"wp-image-14029\" srcset=\"http:\/\/web-zac.com\/wp-content\/uploads\/2023\/05\/IMG-20230523-WA0204-300x200.jpg 300w, http:\/\/web-zac.com\/wp-content\/uploads\/2023\/05\/IMG-20230523-WA0204-768x512.jpg 768w, http:\/\/web-zac.com\/wp-content\/uploads\/2023\/05\/IMG-20230523-WA0204.jpg 1024w\" sizes=\"auto, (max-width: 300px) 100vw, 300px\" \/><\/figure>\n\n\n\n<p><br>\u25aa\ufe0fConmemoran aniversario luctuoso del artista pl\u00e1stico zacatecano Pedro Coronel <br>\u25aa\ufe0fEn el acto participaron Pablo Mateo Coronel Hoth, nieto de Pedro Coronel; Mar\u00eda de Jes\u00fas Mu\u00f1oz Reyes, directora del IZC, y Gabriela Vargas, directora del Museo El Universo de Pedro Coronel<br>\u25aa\ufe0fLa Banda Sinf\u00f3nica del Estado de Zacatecas, bajo la batuta del maestro Salvador Garc\u00eda y Ortega, interpret\u00f3, de manera especial para este acto, \u201cEl \u00faltimo suspiro\u201d<br><br>Zacatecas, Zac., 23 de mayo de 2023.- Al encabezar la ceremonia del 38 aniversario luctuoso del artista pl\u00e1stico zacatecano Pedro Coronel, Rodrigo Reyes Mug\u00fcerza, secretario general de Gobierno, dijo que es la voluntad del Gobernador David Monreal \u00c1vila, a quien represent\u00f3 en este acto, renovar el arte a trav\u00e9s de los ejemplos que nos dejaron los grandes maestros zacatecanos y, al mismo tiempo, democratizar la cultura para que llegue a cada rinc\u00f3n de nuestro estado. <br><br>A partir de una frase que Pedro Coronel mencion\u00f3 en una entrevista para El Universal, Reyes Mug\u00fcerza dijo que el arte se tiene que renovar porque es la expresi\u00f3n de la vida, y es precisamente en este Gobierno y por voluntad de su Gobernador que se trabaja en renovar el arte, a trav\u00e9s de los ejemplos de figuras como Pedro Coronel, su hermano Rafael, Ruelas y todos esos grandes maestros de la pl\u00e1stica zacatecana.<br><br>Asimismo, dijo que en Zacatecas \u201cestamos democratizando la cultura y el arte; estamos llevando eventos a trav\u00e9s del Instituto Zacatecano de Cultura a todos los municipios, porque sabemos que en cada rinc\u00f3n y en cada municipio puede haber el siguiente Pedro Coronel. <br><br>En el jard\u00edn donde descansan los restos del artista, ubicado en la planta alta del museo que lleva su nombre, tuvo lugar este acto solemne, al que acudi\u00f3 la Directora del Instituto Zacatecano de Cultura (IZC) \u201cRam\u00f3n L\u00f3pez Velarde\u201d, Mar\u00eda de Jes\u00fas Mu\u00f1oz Reyes; miembros de la sociedad civil, directores de los museos de Zacatecas; el Director del Sistema Estatal de Museos, Uriel M\u00e1rquez Romo, y el director del Centro INAH Zacatecas, Jos\u00e9 Francisco Rom\u00e1n Guti\u00e9rrez.<br><br>Aqu\u00ed, la Directora del IZC dijo que la mejor forma de rendirle homenaje a Pedro Coronel es mantener este recinto en las mejores condiciones posibles. Inform\u00f3 que en el primer a\u00f1o de gesti\u00f3n del Gobernador David Monreal \u00c1vila se trabaj\u00f3 en la rehabilitaci\u00f3n y mantenimiento del inmueble, sobre todo en el tema de la impermeabilizaci\u00f3n de sus techumbres, aspecto fundamental no s\u00f3lo para la conservaci\u00f3n del inmueble, sino tambi\u00e9n de las colecciones que alberga. <br><br>Dijo que las actividades de mediaci\u00f3n han sido constantes durante el a\u00f1o y con mayor raz\u00f3n durante mayo, \u201cno s\u00f3lo por el aniversario luctuoso que hoy nos congrega, sino tambi\u00e9n porque desde el ICOM, el Consejo Internacional de Museos, se impulsa la celebraci\u00f3n  del D\u00eda Internacional de los Museos, cuyo tema de este 2023 fue sostenibilidad y bienestar\u201d. <br><br>Antes, con un poema que Pedro Coronel escribi\u00f3 en 1975, la directora del Museo que lleva el nombre del artista, Gabriela Vargas, record\u00f3 que  el autor de \u201cMurmullos de Jade\u201d llevaba la constante presencia de la muerte en su creaci\u00f3n al escribir:  \u201cYo mismo construyo mi muerte para asesinar a la m\u00eda propia y, rendido acaso, la mortaja me espera, el vientre de la madre me llama con su boca llena de tierra. <br><br>\u201cCaigo, me levanto de nuevo, dejo la tumba vac\u00eda, floto en la savia in\u00e9dita, comienzo a deambular por esta tierra, presuroso tomo rumbo y el calor invade mi ser, ahuecado en m\u00ed, llamo a la puerta de la vida\u201d, acot\u00f3.<br><br>Pedro -dijo- logr\u00f3 traspasar movimientos art\u00edsticos para establecer su propio lenguaje y traspasar la dimensi\u00f3n y la temporalidad; d\u00e1ndonos su m\u00e1s grande tesoro: su colecci\u00f3n, su universo construido a trav\u00e9s de un ojo agudo y educado, de un sentimiento que lo impulsaba a querer poseer m\u00e1s y m\u00e1s.<br><br>Pablo Mateo Coronel Hoth, nieto de Pedro Coronel, quien acudi\u00f3 en representaci\u00f3n de su familia, destac\u00f3 que siempre es un honor poder formar parte de este homenaje a Pedro Coronel, y que, aunque no lo conoci\u00f3, siempre lo ha admirado.<br><br>Su proximidad con \u00e9l se dio cuando desde peque\u00f1o visitaba este espacio y el poder comprender el mundo a trav\u00e9s del museo. Las obras que reuni\u00f3 y las que hizo han sido su acercamiento, igual al que tienen todas las personas que vienen diario a este espacio.<br><br>Dijo sentirse orgulloso de saber que su abuelo se ha vuelto una inspiraci\u00f3n para las nuevas generaciones, no s\u00f3lo en el \u00e1mbito del arte mexicano, sino tambi\u00e9n en el universal y, aunque muri\u00f3 relativamente joven, dej\u00f3 el camino abierto con una nueva visi\u00f3n est\u00e9tica para los n\u00f3veles artistas. \u201cPedro Coronel es el claro ejemplo de que una pasi\u00f3n se puede materializar y que todos podemos dejar un legado si nos entregamos a nuestro prop\u00f3sito\u201d, puntualiz\u00f3. <br><br>Finalmente, la Banda Sinf\u00f3nica del Estado de Zacatecas, bajo la direcci\u00f3n de Salvador Garc\u00eda y Ortega interpret\u00f3 \u201cEl \u00faltimo suspiro\u201d, pieza que en cada homenaje que le rinden las y los zacatecanos se ha vuelto fundamental, cada 23 de mayo, cuando se conmemora su aniversario de muerte.<br><br>\u2014ooOoo\u2014<\/p>\n","protected":false},"excerpt":{"rendered":"<p>\u25aa\ufe0fConmemoran aniversario luctuoso del artista pl\u00e1stico zacatecano Pedro Coronel \u25aa\ufe0fEn el acto participaron Pablo Mateo Coronel Hoth, nieto de Pedro Coronel; Mar\u00eda de Jes\u00fas Mu\u00f1oz Reyes, directora del IZC, y Gabriela Vargas, directora del Museo El Universo de Pedro Coronel\u25aa\ufe0fLa Banda Sinf\u00f3nica del Estado de Zacatecas, bajo la batuta del maestro Salvador Garc\u00eda y Ortega, [&hellip;]<\/p>\n","protected":false},"author":3,"featured_media":14029,"comment_status":"open","ping_status":"open","sticky":false,"template":"","format":"standard","meta":{"footnotes":""},"categories":[4,22],"tags":[],"class_list":["post-14030","post","type-post","status-publish","format-standard","has-post-thumbnail","hentry","category-webgobierno","category-gobierno"],"jetpack_featured_media_url":"http:\/\/web-zac.com\/wp-content\/uploads\/2023\/05\/IMG-20230523-WA0204.jpg","_links":{"self":[{"href":"http:\/\/web-zac.com\/index.php?rest_route=\/wp\/v2\/posts\/14030","targetHints":{"allow":["GET"]}}],"collection":[{"href":"http:\/\/web-zac.com\/index.php?rest_route=\/wp\/v2\/posts"}],"about":[{"href":"http:\/\/web-zac.com\/index.php?rest_route=\/wp\/v2\/types\/post"}],"author":[{"embeddable":true,"href":"http:\/\/web-zac.com\/index.php?rest_route=\/wp\/v2\/users\/3"}],"replies":[{"embeddable":true,"href":"http:\/\/web-zac.com\/index.php?rest_route=%2Fwp%2Fv2%2Fcomments&post=14030"}],"version-history":[{"count":1,"href":"http:\/\/web-zac.com\/index.php?rest_route=\/wp\/v2\/posts\/14030\/revisions"}],"predecessor-version":[{"id":14031,"href":"http:\/\/web-zac.com\/index.php?rest_route=\/wp\/v2\/posts\/14030\/revisions\/14031"}],"wp:featuredmedia":[{"embeddable":true,"href":"http:\/\/web-zac.com\/index.php?rest_route=\/wp\/v2\/media\/14029"}],"wp:attachment":[{"href":"http:\/\/web-zac.com\/index.php?rest_route=%2Fwp%2Fv2%2Fmedia&parent=14030"}],"wp:term":[{"taxonomy":"category","embeddable":true,"href":"http:\/\/web-zac.com\/index.php?rest_route=%2Fwp%2Fv2%2Fcategories&post=14030"},{"taxonomy":"post_tag","embeddable":true,"href":"http:\/\/web-zac.com\/index.php?rest_route=%2Fwp%2Fv2%2Ftags&post=14030"}],"curies":[{"name":"wp","href":"https:\/\/api.w.org\/{rel}","templated":true}]}}