{"id":13597,"date":"2023-04-27T17:28:11","date_gmt":"2023-04-27T22:28:11","guid":{"rendered":"http:\/\/web-zac.com\/?p=13597"},"modified":"2023-04-27T17:28:39","modified_gmt":"2023-04-27T22:28:39","slug":"mil-docentes-de-educacion-basica-fortalecen-conocimientos-en-nueva-escuela-mexicana","status":"publish","type":"post","link":"http:\/\/web-zac.com\/?p=13597","title":{"rendered":"Mil docentes de educaci\u00f3n b\u00e1sica fortalecen conocimientos en Nueva Escuela Mexicana"},"content":{"rendered":"\n<figure class=\"wp-block-image\"><img loading=\"lazy\" decoding=\"async\" width=\"1024\" height=\"691\" src=\"http:\/\/web-zac.com\/wp-content\/uploads\/2023\/04\/IMG-20230427-WA0057-1024x691.jpg\" alt=\"\" class=\"wp-image-13596\" srcset=\"http:\/\/web-zac.com\/wp-content\/uploads\/2023\/04\/IMG-20230427-WA0057-1024x691.jpg 1024w, http:\/\/web-zac.com\/wp-content\/uploads\/2023\/04\/IMG-20230427-WA0057-300x202.jpg 300w, http:\/\/web-zac.com\/wp-content\/uploads\/2023\/04\/IMG-20230427-WA0057-768x518.jpg 768w, http:\/\/web-zac.com\/wp-content\/uploads\/2023\/04\/IMG-20230427-WA0057-1536x1036.jpg 1536w, http:\/\/web-zac.com\/wp-content\/uploads\/2023\/04\/IMG-20230427-WA0057-1200x809.jpg 1200w, http:\/\/web-zac.com\/wp-content\/uploads\/2023\/04\/IMG-20230427-WA0057.jpg 1600w\" sizes=\"auto, (max-width: 1024px) 100vw, 1024px\" \/><\/figure>\n\n\n\n<p><br><br>\u25aa\ufe0fA nombre del Gobernador David Monreal, la Secretar\u00eda de Educaci\u00f3n refrend\u00f3 el compromiso de apoyar al gremio magisterial y reconoci\u00f3 su esfuerzo diario en las aulas<br>\u25aa\ufe0fLa conferencia fue impartida por Rodrigo Castillo Aguilar, director general de Formaci\u00f3n Continua a Directivos y Docentes de la SEP<br><br>Zacatecas, Zac., 27 de abril de 2023.- Alrededor de 1 mil maestras y maestros de educaci\u00f3n b\u00e1sica de los 58 municipios del Estado, reforzaron sus conocimientos en el Nuevo Modelo Educativo, a trav\u00e9s de la conferencia magistral Bases de la Nueva Escuela Mexicana.<br><br>A nombre del Gobernador David Monreal \u00c1vila, la Secretaria de Educaci\u00f3n, Maribel Villalpando Haro, refrend\u00f3 el apoyo que brinda esta administraci\u00f3n a las y los docentes, en reconocimiento al esfuerzo que realizan todos los d\u00edas en el aula, en pro de alcanzar la excelencia educativa de nuestras ni\u00f1as, ni\u00f1os y j\u00f3venes.<br><br>Expres\u00f3 que esta conferencia, en la que se congregaron directores regionales, jefes de sector, supervisores, asesores t\u00e9cnico pedag\u00f3gicos (ATP) y docentes de preescolar, primaria y secundaria, cobra un realce importante porque la transformaci\u00f3n social reclama la generaci\u00f3n de espacios en los que se haga un an\u00e1lisis propositivo sobre el quehacer educativo.<br><br>La conferencia fue impartida por el Director General de Formaci\u00f3n Continua a Docentes y Directivos de la Secretar\u00eda de Educaci\u00f3n P\u00fablica (SEP), Rodrigo Castillo Aguilar, quien, de forma amena, abord\u00f3 los elementos que sustentan a la Nueva Escuela Mexicana.<br><br>Explic\u00f3 que como sociedad se debe entender que con este cambio en el Modelo Educativo se pone sobre la mesa que la educaci\u00f3n no s\u00f3lo se trata de la acumulaci\u00f3n de conocimientos, sino que el proceso de ense\u00f1anza-aprendizaje tiene que ver con lo que los estudiantes enfrentan d\u00eda a d\u00eda en la vida cotidiana.<br><br>\u201cLa educaci\u00f3n de las ni\u00f1as, ni\u00f1os, adolescentes y j\u00f3venes no es responsabilidad del maestro solamente, sino que todos somos coparticipes del proceso educativo, de la construcci\u00f3n de preceptos \u00e9ticos, de formas de relaci\u00f3n m\u00e1s humanas, responsables y participativas, en el que nos involucremos todos\u201d, expuso.<br><br>En el evento estuvieron presentes: Bernardo Candelas de la Torre, titular de la oficina de Enlace en Zacatecas de la SEP; Yolanda P\u00e1ez L\u00f3pez, subsecretaria de Educaci\u00f3n B\u00e1sica; Jos\u00e9 Alfredo S\u00e1nchez Mendoza, coordinador de Direcciones Regionales; y Ren\u00e9 Jara Rodr\u00edguez, jefe del Departamento de Desarrollo Profesional Docente.<br><br>\u2014ooOoo\u2014<\/p>\n","protected":false},"excerpt":{"rendered":"<p>\u25aa\ufe0fA nombre del Gobernador David Monreal, la Secretar\u00eda de Educaci\u00f3n refrend\u00f3 el compromiso de apoyar al gremio magisterial y reconoci\u00f3 su esfuerzo diario en las aulas\u25aa\ufe0fLa conferencia fue impartida por Rodrigo Castillo Aguilar, director general de Formaci\u00f3n Continua a Directivos y Docentes de la SEP Zacatecas, Zac., 27 de abril de 2023.- Alrededor de 1 [&hellip;]<\/p>\n","protected":false},"author":3,"featured_media":13596,"comment_status":"open","ping_status":"open","sticky":false,"template":"","format":"standard","meta":{"footnotes":""},"categories":[4,22],"tags":[],"class_list":["post-13597","post","type-post","status-publish","format-standard","has-post-thumbnail","hentry","category-webgobierno","category-gobierno"],"jetpack_featured_media_url":"http:\/\/web-zac.com\/wp-content\/uploads\/2023\/04\/IMG-20230427-WA0057.jpg","_links":{"self":[{"href":"http:\/\/web-zac.com\/index.php?rest_route=\/wp\/v2\/posts\/13597","targetHints":{"allow":["GET"]}}],"collection":[{"href":"http:\/\/web-zac.com\/index.php?rest_route=\/wp\/v2\/posts"}],"about":[{"href":"http:\/\/web-zac.com\/index.php?rest_route=\/wp\/v2\/types\/post"}],"author":[{"embeddable":true,"href":"http:\/\/web-zac.com\/index.php?rest_route=\/wp\/v2\/users\/3"}],"replies":[{"embeddable":true,"href":"http:\/\/web-zac.com\/index.php?rest_route=%2Fwp%2Fv2%2Fcomments&post=13597"}],"version-history":[{"count":1,"href":"http:\/\/web-zac.com\/index.php?rest_route=\/wp\/v2\/posts\/13597\/revisions"}],"predecessor-version":[{"id":13598,"href":"http:\/\/web-zac.com\/index.php?rest_route=\/wp\/v2\/posts\/13597\/revisions\/13598"}],"wp:featuredmedia":[{"embeddable":true,"href":"http:\/\/web-zac.com\/index.php?rest_route=\/wp\/v2\/media\/13596"}],"wp:attachment":[{"href":"http:\/\/web-zac.com\/index.php?rest_route=%2Fwp%2Fv2%2Fmedia&parent=13597"}],"wp:term":[{"taxonomy":"category","embeddable":true,"href":"http:\/\/web-zac.com\/index.php?rest_route=%2Fwp%2Fv2%2Fcategories&post=13597"},{"taxonomy":"post_tag","embeddable":true,"href":"http:\/\/web-zac.com\/index.php?rest_route=%2Fwp%2Fv2%2Ftags&post=13597"}],"curies":[{"name":"wp","href":"https:\/\/api.w.org\/{rel}","templated":true}]}}