{"id":13590,"date":"2023-04-26T21:38:32","date_gmt":"2023-04-27T02:38:32","guid":{"rendered":"http:\/\/web-zac.com\/?p=13590"},"modified":"2023-04-26T21:38:43","modified_gmt":"2023-04-27T02:38:43","slug":"ofrece-jorge-miranda-gran-festejo-para-las-nins-de-comunidades","status":"publish","type":"post","link":"http:\/\/web-zac.com\/?p=13590","title":{"rendered":"OFRECE JORGE MIRANDA GRAN FESTEJO PARA LAS NI\u00d1@S DE COMUNIDADES"},"content":{"rendered":"\n<figure class=\"wp-block-image\"><img loading=\"lazy\" decoding=\"async\" width=\"1024\" height=\"683\" src=\"http:\/\/web-zac.com\/wp-content\/uploads\/2023\/04\/IMG-20230426-WA0141-1024x683.jpg\" alt=\"\" class=\"wp-image-13589\" srcset=\"http:\/\/web-zac.com\/wp-content\/uploads\/2023\/04\/IMG-20230426-WA0141-1024x683.jpg 1024w, http:\/\/web-zac.com\/wp-content\/uploads\/2023\/04\/IMG-20230426-WA0141-300x200.jpg 300w, http:\/\/web-zac.com\/wp-content\/uploads\/2023\/04\/IMG-20230426-WA0141-768x512.jpg 768w, http:\/\/web-zac.com\/wp-content\/uploads\/2023\/04\/IMG-20230426-WA0141.jpg 1080w\" sizes=\"auto, (max-width: 1024px) 100vw, 1024px\" \/><\/figure>\n\n\n\n<p>\n<br>\n<br>\u2022\tAsistieron mil 150 ni\u00f1as y ni\u00f1os de las 22 comunidades de la Capital de la Transformaci\u00f3n.\n<br>\n<br>La administraci\u00f3n del presidente municipal Jorge Miranda Castro, en coordinaci\u00f3n con el DIF Municipal, realiz\u00f3 un divertido festejo por el D\u00eda del Ni\u00f1o y la Ni\u00f1a, al que acudieron menores de todas las comunidades.\n<br>\n<br>Ni\u00f1as y ni\u00f1os se reunieron en la comunidad Benito Ju\u00e1rez en donde recibieron con gran alegr\u00eda al Dr. Jorge Miranda a quien agradecieron por las incre\u00edbles sorpresas que les prepararon.\n<br>\n<br>El alcalde se mostr\u00f3 entusiasmado por compartir este gran festejo con las familias de las comunidades, y reconoci\u00f3 la gran labor del DIF Municipal y de PC no s\u00f3lo por trabajar en nombre del municipio, sino por incluir a los sectores m\u00e1s vulnerables en sus acciones y llevar bienestar a todos.\n<br>\n<br>Maribel Herrera Lomel\u00ed, presidenta honor\u00edfica del DIF Municipal, refrend\u00f3 su compromiso con la ni\u00f1ez y se comprometi\u00f3 a continuar con las acciones que beneficien a todas las familias. \n<br>\n<br>Mientras que Gabriela Palafox, directora del Jard\u00edn de Ni\u00f1os \u201cEulalia Guzm\u00e1n\u201d y representante de las comunidades, agradeci\u00f3 a las distintas \u00e1reas de la administraci\u00f3n por trabajar unidas para llevar una sonrisa a todos los ni\u00f1os y ni\u00f1as. \n<br>\n<br>\u201cSabemos que nuestro municipio, guiado por el Dr. Jorge Miranda Castro y por su esposa Maribel Herrera, ha enaltecido en \u00e1mbito sociales y educativos, creyendo fielmente que la ni\u00f1ez es una prioridad para su administraci\u00f3n\u201d, expres\u00f3 Palafox. \n<br>\n<br>Los mil 1150 ni\u00f1os y ni\u00f1as que asistieron recibieron grandes sorpresas como juguetes y dulces, as\u00ed como deliciosos postres y disfrutaron de juegos planificados por el equipo de trabajo del DIF Municipal.\n<br>\n<br>Al festejo acudi\u00f3 Antonio Hern\u00e1ndez Villamil, director de la Unidad de Protecci\u00f3n Civil y Bomberos de Zacatecas, Rosario Ortiz Acu\u00f1a, coordinadora del programa de comunidades, y Sandra Berenice Valdez, directora del DIF Municipal.\n<br><\/p>\n","protected":false},"excerpt":{"rendered":"<p>\u2022 Asistieron mil 150 ni\u00f1as y ni\u00f1os de las 22 comunidades de la Capital de la Transformaci\u00f3n. La administraci\u00f3n del presidente municipal Jorge Miranda Castro, en coordinaci\u00f3n con el DIF Municipal, realiz\u00f3 un divertido festejo por el D\u00eda del Ni\u00f1o y la Ni\u00f1a, al que acudieron menores de todas las comunidades. Ni\u00f1as y ni\u00f1os se [&hellip;]<\/p>\n","protected":false},"author":3,"featured_media":13589,"comment_status":"open","ping_status":"open","sticky":false,"template":"","format":"standard","meta":{"footnotes":""},"categories":[6,18],"tags":[],"class_list":["post-13590","post","type-post","status-publish","format-standard","has-post-thumbnail","hentry","category-webmunicipios","category-zacatecas"],"jetpack_featured_media_url":"http:\/\/web-zac.com\/wp-content\/uploads\/2023\/04\/IMG-20230426-WA0141.jpg","_links":{"self":[{"href":"http:\/\/web-zac.com\/index.php?rest_route=\/wp\/v2\/posts\/13590","targetHints":{"allow":["GET"]}}],"collection":[{"href":"http:\/\/web-zac.com\/index.php?rest_route=\/wp\/v2\/posts"}],"about":[{"href":"http:\/\/web-zac.com\/index.php?rest_route=\/wp\/v2\/types\/post"}],"author":[{"embeddable":true,"href":"http:\/\/web-zac.com\/index.php?rest_route=\/wp\/v2\/users\/3"}],"replies":[{"embeddable":true,"href":"http:\/\/web-zac.com\/index.php?rest_route=%2Fwp%2Fv2%2Fcomments&post=13590"}],"version-history":[{"count":1,"href":"http:\/\/web-zac.com\/index.php?rest_route=\/wp\/v2\/posts\/13590\/revisions"}],"predecessor-version":[{"id":13591,"href":"http:\/\/web-zac.com\/index.php?rest_route=\/wp\/v2\/posts\/13590\/revisions\/13591"}],"wp:featuredmedia":[{"embeddable":true,"href":"http:\/\/web-zac.com\/index.php?rest_route=\/wp\/v2\/media\/13589"}],"wp:attachment":[{"href":"http:\/\/web-zac.com\/index.php?rest_route=%2Fwp%2Fv2%2Fmedia&parent=13590"}],"wp:term":[{"taxonomy":"category","embeddable":true,"href":"http:\/\/web-zac.com\/index.php?rest_route=%2Fwp%2Fv2%2Fcategories&post=13590"},{"taxonomy":"post_tag","embeddable":true,"href":"http:\/\/web-zac.com\/index.php?rest_route=%2Fwp%2Fv2%2Ftags&post=13590"}],"curies":[{"name":"wp","href":"https:\/\/api.w.org\/{rel}","templated":true}]}}