{"id":13578,"date":"2023-04-26T17:04:53","date_gmt":"2023-04-26T22:04:53","guid":{"rendered":"http:\/\/web-zac.com\/?p=13578"},"modified":"2023-04-26T17:05:06","modified_gmt":"2023-04-26T22:05:06","slug":"celebran-autoridadesa-hijas-e-hijos-de-ladrilleros","status":"publish","type":"post","link":"http:\/\/web-zac.com\/?p=13578","title":{"rendered":"CELEBRAN AUTORIDADES\n<br>A HIJAS E HIJOS DE LADRILLEROS\n<br>"},"content":{"rendered":"\n<figure class=\"wp-block-image\"><img loading=\"lazy\" decoding=\"async\" width=\"1024\" height=\"682\" src=\"http:\/\/web-zac.com\/wp-content\/uploads\/2023\/04\/IMG-20230426-WA0045-1024x682.jpg\" alt=\"\" class=\"wp-image-13577\" srcset=\"http:\/\/web-zac.com\/wp-content\/uploads\/2023\/04\/IMG-20230426-WA0045-1024x682.jpg 1024w, http:\/\/web-zac.com\/wp-content\/uploads\/2023\/04\/IMG-20230426-WA0045-300x200.jpg 300w, http:\/\/web-zac.com\/wp-content\/uploads\/2023\/04\/IMG-20230426-WA0045-768x512.jpg 768w, http:\/\/web-zac.com\/wp-content\/uploads\/2023\/04\/IMG-20230426-WA0045-1200x800.jpg 1200w, http:\/\/web-zac.com\/wp-content\/uploads\/2023\/04\/IMG-20230426-WA0045.jpg 1280w\" sizes=\"auto, (max-width: 1024px) 100vw, 1024px\" \/><\/figure>\n\n\n\n<p>\n<br>\u2022\tBenefician a familias con calzado deportivo, \u00fatiles escolares y juguetes\n<br>\n<br>\n<br>Fresnillo, Zac.- En la Semana de la Ni\u00f1ez emprendida por el Gobierno de Fresnillo, que encabeza Sa\u00fal Monreal \u00c1vila, este mi\u00e9rcoles las autoridades municipales y las estatales, concretamente las del Sistema Nacional de Protecci\u00f3n Integral de Ni\u00f1as, Ni\u00f1os y Adolescentes (Sipinna), celebraron a hijas e hijos de ladrilleros de El Mineral.\n<br>En el Parque de La Ladrillera, al sureste de la zona urbana de Fresnillo, el Secretario de Gobierno, Mart\u00edn \u00c1lvarez Casio, reiter\u00f3 el compromiso del Ayuntamiento con las y los infantes.\n<br>\u201cEn nombre de nuestro Presidente, Sa\u00fal Monreal \u00c1vila, los estamos atendiendo y estamos al pendiente. Vinimos a apoyarlos en diciembre, y ahora nos da gusto volver a verlos y traerles mochilas, \u00fatiles escolares, juguetes y tenis\u201d, dijo.\n<br>\u00c1lvarez Casio agradeci\u00f3 a la licenciada Lorena Lamas Arroyo, titular estatal de Sipinna, la disposici\u00f3n de la Secretar\u00eda General de Gobierno que encabeza el maestro Rodrigo Reyes Mug\u00fcerza, para considerar a las comunidades m\u00e1s necesitadas de Fresnillo.\n<br>A la convivencia con hijas e hijos de ladrilleros, donde se emprendieron actividades l\u00fadicas y recreativas, asistieron tambi\u00e9n la doctora Ma. Dolores Moreira Coronel, Secretaria Ejecutiva de Sipinna Municipal, y el licenciado V\u00edctor Ren\u00e9 Garc\u00eda Magallanes, titular de Protecci\u00f3n Civil y Bomberos de Fresnillo.\n<br><\/p>\n","protected":false},"excerpt":{"rendered":"<p>\u2022 Benefician a familias con calzado deportivo, \u00fatiles escolares y juguetes Fresnillo, Zac.- En la Semana de la Ni\u00f1ez emprendida por el Gobierno de Fresnillo, que encabeza Sa\u00fal Monreal \u00c1vila, este mi\u00e9rcoles las autoridades municipales y las estatales, concretamente las del Sistema Nacional de Protecci\u00f3n Integral de Ni\u00f1as, Ni\u00f1os y Adolescentes (Sipinna), celebraron a hijas [&hellip;]<\/p>\n","protected":false},"author":3,"featured_media":13577,"comment_status":"open","ping_status":"open","sticky":false,"template":"","format":"standard","meta":{"footnotes":""},"categories":[19,6],"tags":[],"class_list":["post-13578","post","type-post","status-publish","format-standard","has-post-thumbnail","hentry","category-fresnillo","category-webmunicipios"],"jetpack_featured_media_url":"http:\/\/web-zac.com\/wp-content\/uploads\/2023\/04\/IMG-20230426-WA0045.jpg","_links":{"self":[{"href":"http:\/\/web-zac.com\/index.php?rest_route=\/wp\/v2\/posts\/13578","targetHints":{"allow":["GET"]}}],"collection":[{"href":"http:\/\/web-zac.com\/index.php?rest_route=\/wp\/v2\/posts"}],"about":[{"href":"http:\/\/web-zac.com\/index.php?rest_route=\/wp\/v2\/types\/post"}],"author":[{"embeddable":true,"href":"http:\/\/web-zac.com\/index.php?rest_route=\/wp\/v2\/users\/3"}],"replies":[{"embeddable":true,"href":"http:\/\/web-zac.com\/index.php?rest_route=%2Fwp%2Fv2%2Fcomments&post=13578"}],"version-history":[{"count":1,"href":"http:\/\/web-zac.com\/index.php?rest_route=\/wp\/v2\/posts\/13578\/revisions"}],"predecessor-version":[{"id":13579,"href":"http:\/\/web-zac.com\/index.php?rest_route=\/wp\/v2\/posts\/13578\/revisions\/13579"}],"wp:featuredmedia":[{"embeddable":true,"href":"http:\/\/web-zac.com\/index.php?rest_route=\/wp\/v2\/media\/13577"}],"wp:attachment":[{"href":"http:\/\/web-zac.com\/index.php?rest_route=%2Fwp%2Fv2%2Fmedia&parent=13578"}],"wp:term":[{"taxonomy":"category","embeddable":true,"href":"http:\/\/web-zac.com\/index.php?rest_route=%2Fwp%2Fv2%2Fcategories&post=13578"},{"taxonomy":"post_tag","embeddable":true,"href":"http:\/\/web-zac.com\/index.php?rest_route=%2Fwp%2Fv2%2Ftags&post=13578"}],"curies":[{"name":"wp","href":"https:\/\/api.w.org\/{rel}","templated":true}]}}