{"id":13575,"date":"2023-04-26T16:46:58","date_gmt":"2023-04-26T21:46:58","guid":{"rendered":"http:\/\/web-zac.com\/?p=13575"},"modified":"2023-04-26T16:47:12","modified_gmt":"2023-04-26T21:47:12","slug":"celebran-a-ninez-conpaseo-dominicaly-cabildo-infantil","status":"publish","type":"post","link":"http:\/\/web-zac.com\/?p=13575","title":{"rendered":"CELEBRAN A NI\u00d1EZ CON\n<br>PASEO DOMINICAL\n<br>Y CABILDO INFANTIL"},"content":{"rendered":"\n<figure class=\"wp-block-image\"><img loading=\"lazy\" decoding=\"async\" width=\"662\" height=\"1024\" src=\"http:\/\/web-zac.com\/wp-content\/uploads\/2023\/04\/IMG-20230426-WA0038-662x1024.jpg\" alt=\"\" class=\"wp-image-13574\" srcset=\"http:\/\/web-zac.com\/wp-content\/uploads\/2023\/04\/IMG-20230426-WA0038-662x1024.jpg 662w, http:\/\/web-zac.com\/wp-content\/uploads\/2023\/04\/IMG-20230426-WA0038-194x300.jpg 194w, http:\/\/web-zac.com\/wp-content\/uploads\/2023\/04\/IMG-20230426-WA0038-768x1187.jpg 768w, http:\/\/web-zac.com\/wp-content\/uploads\/2023\/04\/IMG-20230426-WA0038-994x1536.jpg 994w, http:\/\/web-zac.com\/wp-content\/uploads\/2023\/04\/IMG-20230426-WA0038-776x1200.jpg 776w, http:\/\/web-zac.com\/wp-content\/uploads\/2023\/04\/IMG-20230426-WA0038.jpg 1035w\" sizes=\"auto, (max-width: 662px) 100vw, 662px\" \/><\/figure>\n\n\n\n<p>\n<br>\n<br>\u2022\tSer\u00e1n 7 ni\u00f1as y 7 ni\u00f1os los regidores; habr\u00e1 s\u00edndica ni\u00f1a y secretario ni\u00f1o\n<br>\u2022\tRifar\u00e1n regalos en instalaciones de Batall\u00f3n de Infanter\u00eda\n<br>\u2022\tCecati obsequia cursos de electricidad y carpinter\u00eda a mam\u00e1s\n<br>\n<br>\n<br>Fresnillo, Zac.- Este mi\u00e9rcoles, en conferencia de prensa, el alcalde Sa\u00fal Monreal \u00c1vila inform\u00f3 sobre dos eventos de recreaci\u00f3n y diversi\u00f3n para celebrar el D\u00eda del Ni\u00f1o, y uno para el D\u00eda de las Madres. Por segundo a\u00f1o consecutivo se celebrar\u00e1 la Sesi\u00f3n de Cabildo Infantil itinerante, y habr\u00e1 Paseo Dominical en las instalaciones del 97\/o. Batall\u00f3n de Infanter\u00eda; adem\u00e1s se ofrecer\u00e1n cursos de tres d\u00edas para mam\u00e1s en el Centro de Capacitaci\u00f3n para el Trabajo Industrial n\u00famero 62, de Fresnillo.\n<br>El presidente de El Mineral declar\u00f3 que no debe perderse de vista que el objetivo de las sesiones de cabildo es la construcci\u00f3n de un Gobierno Municipal democr\u00e1tico y una nueva cultura pol\u00edtica cuyo punto central sea la ciudadan\u00eda.\n<br>Con este ejercicio, agreg\u00f3, se busca fortalecer los mecanismos de participaci\u00f3n ciudadana y en este caso de la ni\u00f1ez de Fresnillo, quienes por un d\u00eda podr\u00e1n asumir el papel de secretario, s\u00edndico y regidores.\n<br>Los temas principales ser\u00e1n educaci\u00f3n, inclusi\u00f3n, personas con discapacidad, participaci\u00f3n y no discriminaci\u00f3n. Con ello se busca concientizar a la ciudadan\u00eda sobre dichos temas y que se reconozca las aptitudes, actitudes e incluso necesidades de ni\u00f1os y ni\u00f1as.\n<br>Mar\u00eda Dolores Moreira Coronel, titular de la oficina de la Secretar\u00eda Ejecutiva del Sistema de Protecci\u00f3n de Ni\u00f1as, Ni\u00f1os y Adolecentes (Sipinna), inform\u00f3 que el evento se llevar\u00e1 a cabo en la localidad El Ahijadero, en la escuela primaria \u201cEmiliano Zapata\u201d, a las 10 horas.\n<br>Los ni\u00f1os pertenecen a las comunidades Ermita de Guadalupe, Vasco de Quiroga, La Quemada, El Centro, La Casita, San Juan del Centro, El \u00c1guila, Mesa de Tecolotillo, El Ahijadero, Montemariana, Seis de Enero, El Baluarte, Colonia Morelos, Ba\u00f1uelos, San Ignacio, San Jos\u00e9 de Lourdes y Baj\u00edo de San Gabriel. \n<br>Asimismo, se efectuar\u00e1 el Paseo Dominical el pr\u00f3ximo 30 de abril en las instalaciones del 97\/o. Batall\u00f3n de Infanter\u00eda, de 8:30 de la ma\u00f1ana a 1 de la tarde. Los asistentes podr\u00e1n practicar deportes, participar en din\u00e1micas organizadas por el personal militar y mirar exposiciones. Los asistentes podr\u00e1n llevar bicicletas, triciclos, adem\u00e1s de mascotas.\n<br>Por parte del Gobierno municipal ser\u00e1n celebradas algunas rifas con regalos para ni\u00f1as y ni\u00f1os que asistan.\n<br>Sa\u00fal Monreal \u00c1vila acot\u00f3 que ya comenzaron tambi\u00e9n los eventos para celebrar el D\u00eda de las Madres: por ello organizaron una serie de cursos para empoderar a las jefas de familia. \u00c9stos son de carpinter\u00eda y electricidad, durante 2, 3 y 4 de mayo pr\u00f3ximos, con un cupo de 15 personas por curso. \n<br>Alicia Ang\u00e9lica Carlos Carrillo, directora del Instituto Municipal para las Mujeres de Fresnillo (Inmufre), y Zoila Hern\u00e1ndez Torres, directora del CECATI 62, detallaron que los cursos ser\u00e1n gratuitos y las inscripciones son en oficinas de Inmufre o a trav\u00e9s del 493 937 2362.\n<br><\/p>\n","protected":false},"excerpt":{"rendered":"<p>\u2022 Ser\u00e1n 7 ni\u00f1as y 7 ni\u00f1os los regidores; habr\u00e1 s\u00edndica ni\u00f1a y secretario ni\u00f1o \u2022 Rifar\u00e1n regalos en instalaciones de Batall\u00f3n de Infanter\u00eda \u2022 Cecati obsequia cursos de electricidad y carpinter\u00eda a mam\u00e1s Fresnillo, Zac.- Este mi\u00e9rcoles, en conferencia de prensa, el alcalde Sa\u00fal Monreal \u00c1vila inform\u00f3 sobre dos eventos de recreaci\u00f3n y diversi\u00f3n [&hellip;]<\/p>\n","protected":false},"author":3,"featured_media":13574,"comment_status":"open","ping_status":"open","sticky":false,"template":"","format":"standard","meta":{"footnotes":""},"categories":[19,6],"tags":[],"class_list":["post-13575","post","type-post","status-publish","format-standard","has-post-thumbnail","hentry","category-fresnillo","category-webmunicipios"],"jetpack_featured_media_url":"http:\/\/web-zac.com\/wp-content\/uploads\/2023\/04\/IMG-20230426-WA0038.jpg","_links":{"self":[{"href":"http:\/\/web-zac.com\/index.php?rest_route=\/wp\/v2\/posts\/13575","targetHints":{"allow":["GET"]}}],"collection":[{"href":"http:\/\/web-zac.com\/index.php?rest_route=\/wp\/v2\/posts"}],"about":[{"href":"http:\/\/web-zac.com\/index.php?rest_route=\/wp\/v2\/types\/post"}],"author":[{"embeddable":true,"href":"http:\/\/web-zac.com\/index.php?rest_route=\/wp\/v2\/users\/3"}],"replies":[{"embeddable":true,"href":"http:\/\/web-zac.com\/index.php?rest_route=%2Fwp%2Fv2%2Fcomments&post=13575"}],"version-history":[{"count":1,"href":"http:\/\/web-zac.com\/index.php?rest_route=\/wp\/v2\/posts\/13575\/revisions"}],"predecessor-version":[{"id":13576,"href":"http:\/\/web-zac.com\/index.php?rest_route=\/wp\/v2\/posts\/13575\/revisions\/13576"}],"wp:featuredmedia":[{"embeddable":true,"href":"http:\/\/web-zac.com\/index.php?rest_route=\/wp\/v2\/media\/13574"}],"wp:attachment":[{"href":"http:\/\/web-zac.com\/index.php?rest_route=%2Fwp%2Fv2%2Fmedia&parent=13575"}],"wp:term":[{"taxonomy":"category","embeddable":true,"href":"http:\/\/web-zac.com\/index.php?rest_route=%2Fwp%2Fv2%2Fcategories&post=13575"},{"taxonomy":"post_tag","embeddable":true,"href":"http:\/\/web-zac.com\/index.php?rest_route=%2Fwp%2Fv2%2Ftags&post=13575"}],"curies":[{"name":"wp","href":"https:\/\/api.w.org\/{rel}","templated":true}]}}