{"id":13572,"date":"2023-04-26T16:44:49","date_gmt":"2023-04-26T21:44:49","guid":{"rendered":"http:\/\/web-zac.com\/?p=13572"},"modified":"2023-04-26T16:44:58","modified_gmt":"2023-04-26T21:44:58","slug":"acuerdos-y-consensos-resultado-del-trabajo-basado-en-el-dialogo-y-respeto-jucopo","status":"publish","type":"post","link":"http:\/\/web-zac.com\/?p=13572","title":{"rendered":"Acuerdos y consensos, resultado del trabajo basado en el di\u00e1logo y respeto: JUCOPO\n<br>"},"content":{"rendered":"\n<p>\n<br>\n<br>Ante el compromiso de informar cada semana los avances del trabajo legislativo, las  y los integrantes de la Junta de Coordinaci\u00f3n Pol\u00edtica acudieron a conferencia de prensa, para dar cuenta del seguimiento que se le ha dado a la agenda prioritaria que \u00e9ste Poder plante\u00f3 para los meses de marzo y abril.\n<br>\n<br>El presidente de la Junta de Coordinaci\u00f3n Pol\u00edtica, diputado Enrique Laviada Cirerol, reconoci\u00f3 que la LXIV Legislatura se ha puesto a prueba con temas in\u00e9ditos, mismos que avanzaron exitosamente gracias al di\u00e1logo entre todas las bancadas, lo que ha permitido generar acuerdos y consensos, por lo que hizo un reconocimiento a las y los diputados por trabajar con respeto y armon\u00eda.\n<br>\n<br>Ante los representantes de los diferentes medios de comunicaci\u00f3n, el presidente de la JUCOPO inform\u00f3 sobre el Foro de an\u00e1lisis respecto de la iniciativa ciudadana para la despenalizaci\u00f3n del aborto en la entidad, que dijo, fue atendiendo el compromiso hecho a la solicitud ciudadana de escuchar todas las expresiones.\n<br>\n<br>Laviada Cirerol se refiri\u00f3 a la decisi\u00f3n de continuar con el seguimiento al procedimiento de juicio pol\u00edtico contra una funcionaria del Gobierno del Estado, que destac\u00f3, \u201cse ha realizado por consenso de todas las bancadas\u201d.\n<br>\n<br>En su oportunidad, la coordinadora del grupo parlamentario del PRI, diputada Gabriela Monserrat Basurto \u00c1vila, detall\u00f3 el trabajo que la Comisi\u00f3n Instructora que preside y se aprob\u00f3 ayer, habr\u00e1 de realizar en los pr\u00f3ximos d\u00edas. Dijo, ser\u00e1 el d\u00eda ma\u00f1ana cuando se lleve a cabo el proceso protocolario de instalaci\u00f3n, y la semana que entra sesionar\u00e1. El compromiso que se tiene, asegur\u00f3, es tener el dictamen listo el mes de mayo, cuidando los procedimientos legales y protecci\u00f3n de datos personales.\n<br>\n<br>Finaliz\u00f3 asegurando que al interior del grupo parlamentario del PRI, tambi\u00e9n se suman a trabajar privilegiando en todo momento la generaci\u00f3n de consensos basados en el di\u00e1logo y respeto.\n<br>\n<br>La diputada Maribel Galv\u00e1n Jim\u00e9nez, integrante del grupo parlamentario de MORENA, inform\u00f3 sobre los trabajos que encabez\u00f3 desde la Comisi\u00f3n Legislativa de Parlamento Abierto, en el Foro de an\u00e1lisis en materia de despenalizaci\u00f3n del aborto en la entidad, al cual acudieron diversas asociaciones civiles, la academia a trav\u00e9s de la BUAZ, el Colegio de M\u00e9dicos, y personal sanitario.\n<br> \n<br>Tambi\u00e9n  hizo menci\u00f3n de tres j\u00f3venes zacatecanos medioambientalistas, con quienes trabaj\u00f3 en la Ley de Preservaci\u00f3n del Arbolado que fue aprobada la semana pasada por unanimidad, y que tiene como prioridad que la ciudadan\u00eda pueda seguir disfrutando de \u00e1rboles en la entidad, sobre todo ante la sequ\u00eda que se vive en Zacatecas y el pa\u00eds, por lo que destac\u00f3 que con el nuevo ordenamiento se generan condiciones para disfrutar de un medio ambiente en los t\u00e9rminos que establece la Constituci\u00f3n. \n<br>\n<br>El coordinador del grupo parlamentario del PT, diputado Xerardo Ram\u00edrez Mu\u00f1oz, tambi\u00e9n destac\u00f3 el trabajo conjunto realizado entre bancadas, que con di\u00e1logo y entendimiento ha sacado adelante asuntos pendientes, como el llamado un\u00e1nime que el d\u00eda de ayer se hiciera sobre un tema fundamental como lo es la Revocaci\u00f3n de Mandato, y la solicitud hecha a la Coordinaci\u00f3n General Jur\u00eddica \u201cpara que haga su trabajo y publique la reforma, para que no se ejerza el veto de bolsillo\u201d, ya que se\u00f1al\u00f3, e insisti\u00f3 tambi\u00e9n en la necesidad de su reglamentaci\u00f3n.\n<br>\n<br>Anunci\u00f3 que el grupo parlamentario del PT presentar\u00e1 una iniciativa para garantizar que los partidos pol\u00edticos cumplan con los principios de otorgar espacios que garanticen representatividad de todos los grupos.\n<br>\n<br>El diputado migrante Jos\u00e9 Juan Estrada Hern\u00e1ndez present\u00f3 el trabajo que se hace desde la Legislatura en beneficio de la comunidad que representa en conjunto con el diputado Armando Ju\u00e1rez Gonz\u00e1lez, como es la lucha por que el voto de los mexicanos en el exterior y la creaci\u00f3n de una sexta circunscripci\u00f3n federal, que tendr\u00eda car\u00e1cter de migrante, sean una realidad.\n<br>\n<br>Finalmente, el legislador Estrada Hern\u00e1ndez asegur\u00f3, \u201cexiste una crisis e ingobernabilidad en materia migratoria\u201d,  por lo que se est\u00e1 trabajando en una nueva Ley para el estado de Zacatecas donde se incluyan nuevos conceptos en beneficio de los migrantes; dijo, en estos momentos ya est\u00e1 en an\u00e1lisis con acad\u00e9micos para estar en condiciones de presentarla en pr\u00f3ximas fechas.\n<br>\n<br>\n<br><\/p>\n\n\n\n<figure class=\"wp-block-image size-large\"><img loading=\"lazy\" decoding=\"async\" width=\"1024\" height=\"682\" src=\"http:\/\/web-zac.com\/wp-content\/uploads\/2023\/04\/IMG-20230426-WA0052-1024x682.jpg\" alt=\"\" class=\"wp-image-13571\" srcset=\"http:\/\/web-zac.com\/wp-content\/uploads\/2023\/04\/IMG-20230426-WA0052-1024x682.jpg 1024w, http:\/\/web-zac.com\/wp-content\/uploads\/2023\/04\/IMG-20230426-WA0052-300x200.jpg 300w, http:\/\/web-zac.com\/wp-content\/uploads\/2023\/04\/IMG-20230426-WA0052-768x512.jpg 768w, http:\/\/web-zac.com\/wp-content\/uploads\/2023\/04\/IMG-20230426-WA0052-1536x1023.jpg 1536w, http:\/\/web-zac.com\/wp-content\/uploads\/2023\/04\/IMG-20230426-WA0052-1200x800.jpg 1200w, http:\/\/web-zac.com\/wp-content\/uploads\/2023\/04\/IMG-20230426-WA0052.jpg 1600w\" sizes=\"auto, (max-width: 1024px) 100vw, 1024px\" \/><\/figure>\n","protected":false},"excerpt":{"rendered":"<p>Ante el compromiso de informar cada semana los avances del trabajo legislativo, las y los integrantes de la Junta de Coordinaci\u00f3n Pol\u00edtica acudieron a conferencia de prensa, para dar cuenta del seguimiento que se le ha dado a la agenda prioritaria que \u00e9ste Poder plante\u00f3 para los meses de marzo y abril. El presidente de [&hellip;]<\/p>\n","protected":false},"author":3,"featured_media":13571,"comment_status":"open","ping_status":"open","sticky":false,"template":"","format":"standard","meta":{"footnotes":""},"categories":[3],"tags":[],"class_list":["post-13572","post","type-post","status-publish","format-standard","has-post-thumbnail","hentry","category-webpolitica"],"jetpack_featured_media_url":"http:\/\/web-zac.com\/wp-content\/uploads\/2023\/04\/IMG-20230426-WA0052.jpg","_links":{"self":[{"href":"http:\/\/web-zac.com\/index.php?rest_route=\/wp\/v2\/posts\/13572","targetHints":{"allow":["GET"]}}],"collection":[{"href":"http:\/\/web-zac.com\/index.php?rest_route=\/wp\/v2\/posts"}],"about":[{"href":"http:\/\/web-zac.com\/index.php?rest_route=\/wp\/v2\/types\/post"}],"author":[{"embeddable":true,"href":"http:\/\/web-zac.com\/index.php?rest_route=\/wp\/v2\/users\/3"}],"replies":[{"embeddable":true,"href":"http:\/\/web-zac.com\/index.php?rest_route=%2Fwp%2Fv2%2Fcomments&post=13572"}],"version-history":[{"count":1,"href":"http:\/\/web-zac.com\/index.php?rest_route=\/wp\/v2\/posts\/13572\/revisions"}],"predecessor-version":[{"id":13573,"href":"http:\/\/web-zac.com\/index.php?rest_route=\/wp\/v2\/posts\/13572\/revisions\/13573"}],"wp:featuredmedia":[{"embeddable":true,"href":"http:\/\/web-zac.com\/index.php?rest_route=\/wp\/v2\/media\/13571"}],"wp:attachment":[{"href":"http:\/\/web-zac.com\/index.php?rest_route=%2Fwp%2Fv2%2Fmedia&parent=13572"}],"wp:term":[{"taxonomy":"category","embeddable":true,"href":"http:\/\/web-zac.com\/index.php?rest_route=%2Fwp%2Fv2%2Fcategories&post=13572"},{"taxonomy":"post_tag","embeddable":true,"href":"http:\/\/web-zac.com\/index.php?rest_route=%2Fwp%2Fv2%2Ftags&post=13572"}],"curies":[{"name":"wp","href":"https:\/\/api.w.org\/{rel}","templated":true}]}}