{"id":13557,"date":"2023-04-26T15:29:19","date_gmt":"2023-04-26T20:29:19","guid":{"rendered":"http:\/\/web-zac.com\/?p=13557"},"modified":"2023-04-26T15:29:44","modified_gmt":"2023-04-26T20:29:44","slug":"detienen-fuerzas-de-seguridad-a-un-masculino-por-agresion-en-villa-de-cos-portaba-un-arma-de-fuego-larga","status":"publish","type":"post","link":"http:\/\/web-zac.com\/?p=13557","title":{"rendered":"Detienen fuerzas de seguridad a un masculino por agresi\u00f3n en Villa de Cos; portaba un arma de fuego larga"},"content":{"rendered":"\n<figure class=\"wp-block-image\"><img loading=\"lazy\" decoding=\"async\" width=\"300\" height=\"182\" src=\"http:\/\/web-zac.com\/wp-content\/uploads\/2023\/04\/IMG-20230426-WA0062-300x182.jpg\" alt=\"\" class=\"wp-image-13556\" srcset=\"http:\/\/web-zac.com\/wp-content\/uploads\/2023\/04\/IMG-20230426-WA0062-300x182.jpg 300w, http:\/\/web-zac.com\/wp-content\/uploads\/2023\/04\/IMG-20230426-WA0062-768x466.jpg 768w, http:\/\/web-zac.com\/wp-content\/uploads\/2023\/04\/IMG-20230426-WA0062.jpg 871w\" sizes=\"auto, (max-width: 300px) 100vw, 300px\" \/><\/figure>\n\n\n\n<p><br><br>\u25aa\ufe0fEl aprehendido, originario de Durango, se encontraba en un punto de observaci\u00f3n, por lo que refiri\u00f3 que se dedicaba a vigilar el paso de las autoridades de Gobierno<br><br>Villa de Cos, Zac., 26 de abril de 2023.- Las labores operativas llevadas a cabo de manera coordinada entre el Ej\u00e9rcito Mexicano, Guardia Nacional y las Fuerzas de Reacci\u00f3n Inmediata Zacatecas (FRIZ) permitieron que, en el municipio de Villa de Cos, fuera detenido un masculino, quien agredi\u00f3 al personal policial, portaba un arma de fuego larga y refiri\u00f3 trabajar como vigilante.<br><br>La detenci\u00f3n se concret\u00f3 cuando los efectivos policiales realizaban recorridos de vigilancia y disuasi\u00f3n del delito en ese municipio; al patrullar sobre el camino que conduce a la comunidad Colonia Carrillo Puerto, observaron a un hombre sobre un cerro, quien, al notar la presencia policial, los agredi\u00f3 con disparos de arma de fuego.<br><br>El personal operativo repeli\u00f3 la agresi\u00f3n, logrando neutralizar y detener al presunto delincuente, quien fue identificado como Fernando \u201cN\u201d, originario de Mezquital Durango. En este hecho no se reportaron lesionados.<br><br>Durante la detenci\u00f3n, dicha persona se encontraba en un punto de observaci\u00f3n, por lo que refiri\u00f3 que se dedicaba a vigilar el paso de las autoridades de Gobierno. Tras una inspecci\u00f3n f\u00edsica, se le detect\u00f3 portando un arma de fuego larga, la cual ten\u00eda su cargador abastecido.<br><br>Por lo anterior, se procedi\u00f3 con la destrucci\u00f3n del punto de vigilancia, as\u00ed como con la detenci\u00f3n del masculino y el aseguramiento del arma, para ponerlos a disposici\u00f3n de la autoridad competente.<br><br>Las fuerzas de seguridad refrendaron su compromiso de seguir trabajando de manera coordinada para recuperar los niveles de seguridad que exigen las y los zacatecanos y, por tanto, alcanzar la pacificaci\u00f3n en el estado.<br><br>\u2014ooOoo\u2014<\/p>\n","protected":false},"excerpt":{"rendered":"<p>\u25aa\ufe0fEl aprehendido, originario de Durango, se encontraba en un punto de observaci\u00f3n, por lo que refiri\u00f3 que se dedicaba a vigilar el paso de las autoridades de Gobierno Villa de Cos, Zac., 26 de abril de 2023.- Las labores operativas llevadas a cabo de manera coordinada entre el Ej\u00e9rcito Mexicano, Guardia Nacional y las Fuerzas [&hellip;]<\/p>\n","protected":false},"author":3,"featured_media":13556,"comment_status":"open","ping_status":"open","sticky":false,"template":"","format":"standard","meta":{"footnotes":""},"categories":[4,22],"tags":[],"class_list":["post-13557","post","type-post","status-publish","format-standard","has-post-thumbnail","hentry","category-webgobierno","category-gobierno"],"jetpack_featured_media_url":"http:\/\/web-zac.com\/wp-content\/uploads\/2023\/04\/IMG-20230426-WA0062.jpg","_links":{"self":[{"href":"http:\/\/web-zac.com\/index.php?rest_route=\/wp\/v2\/posts\/13557","targetHints":{"allow":["GET"]}}],"collection":[{"href":"http:\/\/web-zac.com\/index.php?rest_route=\/wp\/v2\/posts"}],"about":[{"href":"http:\/\/web-zac.com\/index.php?rest_route=\/wp\/v2\/types\/post"}],"author":[{"embeddable":true,"href":"http:\/\/web-zac.com\/index.php?rest_route=\/wp\/v2\/users\/3"}],"replies":[{"embeddable":true,"href":"http:\/\/web-zac.com\/index.php?rest_route=%2Fwp%2Fv2%2Fcomments&post=13557"}],"version-history":[{"count":1,"href":"http:\/\/web-zac.com\/index.php?rest_route=\/wp\/v2\/posts\/13557\/revisions"}],"predecessor-version":[{"id":13558,"href":"http:\/\/web-zac.com\/index.php?rest_route=\/wp\/v2\/posts\/13557\/revisions\/13558"}],"wp:featuredmedia":[{"embeddable":true,"href":"http:\/\/web-zac.com\/index.php?rest_route=\/wp\/v2\/media\/13556"}],"wp:attachment":[{"href":"http:\/\/web-zac.com\/index.php?rest_route=%2Fwp%2Fv2%2Fmedia&parent=13557"}],"wp:term":[{"taxonomy":"category","embeddable":true,"href":"http:\/\/web-zac.com\/index.php?rest_route=%2Fwp%2Fv2%2Fcategories&post=13557"},{"taxonomy":"post_tag","embeddable":true,"href":"http:\/\/web-zac.com\/index.php?rest_route=%2Fwp%2Fv2%2Ftags&post=13557"}],"curies":[{"name":"wp","href":"https:\/\/api.w.org\/{rel}","templated":true}]}}