{"id":13554,"date":"2023-04-26T15:27:36","date_gmt":"2023-04-26T20:27:36","guid":{"rendered":"http:\/\/web-zac.com\/?p=13554"},"modified":"2023-04-26T15:27:45","modified_gmt":"2023-04-26T20:27:45","slug":"lleva-sedif-apoyos-a-mas-de-1-mil-300-fresnillenses-a-traves-de-transformando-zacatecas-con-valores","status":"publish","type":"post","link":"http:\/\/web-zac.com\/?p=13554","title":{"rendered":"Lleva SEDIF apoyos a m\u00e1s de 1 mil 300 fresnillenses, a trav\u00e9s de \u201cTransformando Zacatecas con Valores\u201d"},"content":{"rendered":"\n<figure class=\"wp-block-image\"><img loading=\"lazy\" decoding=\"async\" width=\"1024\" height=\"672\" src=\"http:\/\/web-zac.com\/wp-content\/uploads\/2023\/04\/IMG-20230426-WA0047-1024x672.jpg\" alt=\"\" class=\"wp-image-13553\" srcset=\"http:\/\/web-zac.com\/wp-content\/uploads\/2023\/04\/IMG-20230426-WA0047-1024x672.jpg 1024w, http:\/\/web-zac.com\/wp-content\/uploads\/2023\/04\/IMG-20230426-WA0047-300x197.jpg 300w, http:\/\/web-zac.com\/wp-content\/uploads\/2023\/04\/IMG-20230426-WA0047-768x504.jpg 768w, http:\/\/web-zac.com\/wp-content\/uploads\/2023\/04\/IMG-20230426-WA0047-1200x788.jpg 1200w, http:\/\/web-zac.com\/wp-content\/uploads\/2023\/04\/IMG-20230426-WA0047.jpg 1444w\" sizes=\"auto, (max-width: 1024px) 100vw, 1024px\" \/><\/figure>\n\n\n\n<p><br><br>\u25aa\ufe0fLa presidenta honor\u00edfica del SEDIF, Sara Hern\u00e1ndez de Monreal, asisti\u00f3 con m\u00e1s de 2 mil apoyos a las familias que se dieron cita al Centro de Convenciones de Fresnillo <br>\u25aa\ufe0f\u201cEl prop\u00f3sito es aportar a la transformaci\u00f3n de Zacatecas\u201d: SHM<br>\u25aa\ufe0fEl alcalde Sa\u00fal Monreal \u00c1vila agradeci\u00f3 y reconoci\u00f3 el trabajo que realizan desde el Gobierno de Zacatecas a trav\u00e9s del SEDIF y el DIF Municipal<br><br>Fresnillo, Zac., 25 de abril de 2023.- Con el Centro de Convenciones de Fresnillo como sede, se llev\u00f3 a cabo la 12va. Edici\u00f3n del programa \u201cTransformando Zacatecas con Valores\u201d, que emprende la Presidenta Honor\u00edfica del Sistema Estatal para el Desarrollo Integral de la Familia (SEDIF), Sara Hern\u00e1ndez de Monreal, con el prop\u00f3sito de fortalecer a las familias zacatecanas, a trav\u00e9s de decenas de servicios y cientos de apoyos que emanan de distintas dependencias del Gobierno de Zacatecas, que encabeza el mandatario David Monreal \u00c1vila. <br><br>Durante este evento, realizado en conjunto con al alcalde de Fresnillo, Sa\u00fal Monreal \u00c1vila, y su esposa, la Presidenta Honor\u00edfica del DIF Municipal, Lupita P\u00e9rez V\u00e1zquez, se hizo entrega de 10 paquetes de pa\u00f1ales para adulto y 10 para menores; as\u00ed como 35 latas de leche, que ser\u00e1n para contribuir a la econom\u00eda familiar.<br><br>Hern\u00e1ndez de Monreal consider\u00f3 importante reforzar a las familias con m\u00e1s de 900 paquetes alimentarios, 700 pares de calzado, 750 sombrillas y 750 bolos; sumando m\u00e1s de 2 mil 200 beneficios de este tipo.<br><br>Al transcurrir el evento, se tom\u00f3 en cuenta a personas que forman parte de grupos de atenci\u00f3n prioritaria, a quienes se asisti\u00f3 con 20 sillas de ruedas, 47 bicicletas y 80 kit de limpieza.<br><br>La Presidenta Honor\u00edfica recalc\u00f3 que estos apoyos llegan justo en el momento y que el prop\u00f3sito es aportar a la transformaci\u00f3n de Zacatecas, una encomienda que deriva del Gobernador David Monreal \u00c1vila. <br><br>Posteriormente, el Alcalde Sa\u00fal Monreal \u00c1vila expres\u00f3 agradecimiento por el trabajo que se realiza desde el Gobierno de Zacatecas, a trav\u00e9s del Sistema Estatal para el Desarrollo Integral de la Familia (SEDIF) y el Sistema Municipal DIF, en pro de las y los fresnillenses.<br><br>Finalmente, se otorg\u00f3 una silla especial para par\u00e1lisis cerebral infantil a un menor en esta condici\u00f3n. <br><br>En el evento estuvo presente el Director General del SEDIF, Humberto de la Torre Delgado; Miriam Garc\u00eda Zamora, titular del Instituto de Inclusi\u00f3n de Zacatecas; el Mayor Palem\u00f3n Garc\u00eda V\u00e1zquez, en representaci\u00f3n del Coronel Manuel Alejandro Guti\u00e9rrez del 97 Batall\u00f3n de Infanter\u00eda, y Griselda Rodr\u00edguez Valenzuela, directora del Sistema Municipal DIF.<br><br>\u2014ooOoo\u2014<\/p>\n","protected":false},"excerpt":{"rendered":"<p>\u25aa\ufe0fLa presidenta honor\u00edfica del SEDIF, Sara Hern\u00e1ndez de Monreal, asisti\u00f3 con m\u00e1s de 2 mil apoyos a las familias que se dieron cita al Centro de Convenciones de Fresnillo \u25aa\ufe0f\u201cEl prop\u00f3sito es aportar a la transformaci\u00f3n de Zacatecas\u201d: SHM\u25aa\ufe0fEl alcalde Sa\u00fal Monreal \u00c1vila agradeci\u00f3 y reconoci\u00f3 el trabajo que realizan desde el Gobierno de Zacatecas [&hellip;]<\/p>\n","protected":false},"author":3,"featured_media":13553,"comment_status":"open","ping_status":"open","sticky":false,"template":"","format":"standard","meta":{"footnotes":""},"categories":[4,22],"tags":[],"class_list":["post-13554","post","type-post","status-publish","format-standard","has-post-thumbnail","hentry","category-webgobierno","category-gobierno"],"jetpack_featured_media_url":"http:\/\/web-zac.com\/wp-content\/uploads\/2023\/04\/IMG-20230426-WA0047.jpg","_links":{"self":[{"href":"http:\/\/web-zac.com\/index.php?rest_route=\/wp\/v2\/posts\/13554","targetHints":{"allow":["GET"]}}],"collection":[{"href":"http:\/\/web-zac.com\/index.php?rest_route=\/wp\/v2\/posts"}],"about":[{"href":"http:\/\/web-zac.com\/index.php?rest_route=\/wp\/v2\/types\/post"}],"author":[{"embeddable":true,"href":"http:\/\/web-zac.com\/index.php?rest_route=\/wp\/v2\/users\/3"}],"replies":[{"embeddable":true,"href":"http:\/\/web-zac.com\/index.php?rest_route=%2Fwp%2Fv2%2Fcomments&post=13554"}],"version-history":[{"count":1,"href":"http:\/\/web-zac.com\/index.php?rest_route=\/wp\/v2\/posts\/13554\/revisions"}],"predecessor-version":[{"id":13555,"href":"http:\/\/web-zac.com\/index.php?rest_route=\/wp\/v2\/posts\/13554\/revisions\/13555"}],"wp:featuredmedia":[{"embeddable":true,"href":"http:\/\/web-zac.com\/index.php?rest_route=\/wp\/v2\/media\/13553"}],"wp:attachment":[{"href":"http:\/\/web-zac.com\/index.php?rest_route=%2Fwp%2Fv2%2Fmedia&parent=13554"}],"wp:term":[{"taxonomy":"category","embeddable":true,"href":"http:\/\/web-zac.com\/index.php?rest_route=%2Fwp%2Fv2%2Fcategories&post=13554"},{"taxonomy":"post_tag","embeddable":true,"href":"http:\/\/web-zac.com\/index.php?rest_route=%2Fwp%2Fv2%2Ftags&post=13554"}],"curies":[{"name":"wp","href":"https:\/\/api.w.org\/{rel}","templated":true}]}}