{"id":13545,"date":"2023-04-25T23:37:01","date_gmt":"2023-04-26T04:37:01","guid":{"rendered":"http:\/\/web-zac.com\/?p=13545"},"modified":"2023-04-25T23:37:19","modified_gmt":"2023-04-26T04:37:19","slug":"entregan-apoyos-a-las-ninas-ninos-y-adolescentes-de-la-capital","status":"publish","type":"post","link":"http:\/\/web-zac.com\/?p=13545","title":{"rendered":"ENTREGAN APOYOS A LAS NI\u00d1AS, NI\u00d1OS Y ADOLESCENTES DE LA CAPITAL"},"content":{"rendered":"\n<figure class=\"wp-block-image\"><img loading=\"lazy\" decoding=\"async\" width=\"1024\" height=\"683\" src=\"http:\/\/web-zac.com\/wp-content\/uploads\/2023\/04\/IMG-20230425-WA0268-1024x683.jpg\" alt=\"\" class=\"wp-image-13544\" srcset=\"http:\/\/web-zac.com\/wp-content\/uploads\/2023\/04\/IMG-20230425-WA0268-1024x683.jpg 1024w, http:\/\/web-zac.com\/wp-content\/uploads\/2023\/04\/IMG-20230425-WA0268-300x200.jpg 300w, http:\/\/web-zac.com\/wp-content\/uploads\/2023\/04\/IMG-20230425-WA0268-768x512.jpg 768w, http:\/\/web-zac.com\/wp-content\/uploads\/2023\/04\/IMG-20230425-WA0268.jpg 1080w\" sizes=\"auto, (max-width: 1024px) 100vw, 1024px\" \/><\/figure>\n\n\n\n<p>\n<br>\n<br>\u2022\tLas y los menores recibieron paquetes escolares y ropa por parte del DIF Municipal y el SIPINNA.\n<br>\n<br>Como parte de los festejos por el D\u00eda del Ni\u00f1o y la Ni\u00f1a, el Ayuntamiento de Zacatecas, a trav\u00e9s del DIF Municipal y el Sistema Estatal de Protecci\u00f3n Integral de Ni\u00f1as, Ni\u00f1os y Adolescentes (SIPINNA), entreg\u00f3 apoyos a las y los menores de la Capital. \n<br>\n<br>Maribel Herrera Lomel\u00ed, presidenta honor\u00edfica del DIF Municipal, encabez\u00f3 la entrega y destac\u00f3 que continuar\u00e1n con las acciones que garanticen el bienestar de las infancias y adolescencias de Zacatecas. \n<br>\n<br>Mientras que Lorena Lamas, secretar\u00eda ejecutiva de SIPINNA Zacatecas, coment\u00f3 que las dependencias trabajar\u00e1n en el fortalecimiento de las pol\u00edticas p\u00fablicas que priorizan a este importante sector de la poblaci\u00f3n.\n<br>\n<br>Rodrigo Reyes, secretario general de Gobierno Estatal, motiv\u00f3 a las y los peque\u00f1os presentes a seguir sus sue\u00f1os y estudiar para ser grandes profesionales, ya que en sus manos est\u00e1 el futuro de Zacatecas. \n<br>\n<br>Refrend\u00f3 el compromiso del gobierno estatal y municipal para brindarles las herramientas necesarias para continuar sus estudios y su desarrollo integral. \n<br>\n<br>Ni\u00f1as, ni\u00f1os y adolescentes de distintas colonias de la Capital de la Transformaci\u00f3n recibieron paquetes escolares, zapatos y juguetes para que celebren a lo grande su d\u00eda. \n<br>\n<br>Cabe destacar que la administraci\u00f3n del Dr. Jorge Miranda contin\u00faa con el trabajo para brindar mejores condiciones de vida a las y los peque\u00f1os de todos los hogares de la capital zacatecana.\n<br>\n<br>\n<br>\n<br>\n<br><\/p>\n","protected":false},"excerpt":{"rendered":"<p>\u2022 Las y los menores recibieron paquetes escolares y ropa por parte del DIF Municipal y el SIPINNA. Como parte de los festejos por el D\u00eda del Ni\u00f1o y la Ni\u00f1a, el Ayuntamiento de Zacatecas, a trav\u00e9s del DIF Municipal y el Sistema Estatal de Protecci\u00f3n Integral de Ni\u00f1as, Ni\u00f1os y Adolescentes (SIPINNA), entreg\u00f3 apoyos [&hellip;]<\/p>\n","protected":false},"author":3,"featured_media":13544,"comment_status":"open","ping_status":"open","sticky":false,"template":"","format":"standard","meta":{"footnotes":""},"categories":[6,18],"tags":[],"class_list":["post-13545","post","type-post","status-publish","format-standard","has-post-thumbnail","hentry","category-webmunicipios","category-zacatecas"],"jetpack_featured_media_url":"http:\/\/web-zac.com\/wp-content\/uploads\/2023\/04\/IMG-20230425-WA0268.jpg","_links":{"self":[{"href":"http:\/\/web-zac.com\/index.php?rest_route=\/wp\/v2\/posts\/13545","targetHints":{"allow":["GET"]}}],"collection":[{"href":"http:\/\/web-zac.com\/index.php?rest_route=\/wp\/v2\/posts"}],"about":[{"href":"http:\/\/web-zac.com\/index.php?rest_route=\/wp\/v2\/types\/post"}],"author":[{"embeddable":true,"href":"http:\/\/web-zac.com\/index.php?rest_route=\/wp\/v2\/users\/3"}],"replies":[{"embeddable":true,"href":"http:\/\/web-zac.com\/index.php?rest_route=%2Fwp%2Fv2%2Fcomments&post=13545"}],"version-history":[{"count":1,"href":"http:\/\/web-zac.com\/index.php?rest_route=\/wp\/v2\/posts\/13545\/revisions"}],"predecessor-version":[{"id":13546,"href":"http:\/\/web-zac.com\/index.php?rest_route=\/wp\/v2\/posts\/13545\/revisions\/13546"}],"wp:featuredmedia":[{"embeddable":true,"href":"http:\/\/web-zac.com\/index.php?rest_route=\/wp\/v2\/media\/13544"}],"wp:attachment":[{"href":"http:\/\/web-zac.com\/index.php?rest_route=%2Fwp%2Fv2%2Fmedia&parent=13545"}],"wp:term":[{"taxonomy":"category","embeddable":true,"href":"http:\/\/web-zac.com\/index.php?rest_route=%2Fwp%2Fv2%2Fcategories&post=13545"},{"taxonomy":"post_tag","embeddable":true,"href":"http:\/\/web-zac.com\/index.php?rest_route=%2Fwp%2Fv2%2Ftags&post=13545"}],"curies":[{"name":"wp","href":"https:\/\/api.w.org\/{rel}","templated":true}]}}